{"id":1119,"date":"2016-10-18T23:12:24","date_gmt":"2016-10-18T21:12:24","guid":{"rendered":"http:\/\/www.sv-freiendiez.de\/?p=1119"},"modified":"2016-10-18T23:14:07","modified_gmt":"2016-10-18T21:14:07","slug":"auf-zur-freindiezer-kirmes-2016","status":"publish","type":"post","link":"https:\/\/www.sv-freiendiez.de\/?p=1119","title":{"rendered":"Auf zur Freiendiezer Kirmes 2016!"},"content":{"rendered":"<figure id=\"attachment_1120\" aria-describedby=\"caption-attachment-1120\" style=\"width: 300px\" class=\"wp-caption alignright\"><a href=\"http:\/\/www.sv-freiendiez.de\/wp-content\/uploads\/2016\/10\/FreindiezerKirmes2016_2.png\"><img loading=\"lazy\" decoding=\"async\" class=\"wp-image-1120 size-medium\" src=\"http:\/\/www.sv-freiendiez.de\/wp-content\/uploads\/2016\/10\/FreindiezerKirmes2016_2-300x295.png\" alt=\"Quelle: Freiendiezer e.V.\" width=\"300\" height=\"295\" srcset=\"https:\/\/www.sv-freiendiez.de\/wp-content\/uploads\/2016\/10\/FreindiezerKirmes2016_2-300x295.png 300w, https:\/\/www.sv-freiendiez.de\/wp-content\/uploads\/2016\/10\/FreindiezerKirmes2016_2-305x300.png 305w, https:\/\/www.sv-freiendiez.de\/wp-content\/uploads\/2016\/10\/FreindiezerKirmes2016_2.png 454w\" sizes=\"auto, (max-width: 300px) 100vw, 300px\" \/><\/a><figcaption id=\"caption-attachment-1120\" class=\"wp-caption-text\">Quelle: Freiendiezer e.V.<\/figcaption><\/figure>\n<p style=\"text-align: justify;\">Am kommenden Wochende (22.-24. Oktober 2016) startet die traditionelle Freiendiezer Kirmes. Erstmals am 31. Oktober 1853 ausgerichtet, hat sich die Freiendiezer Kirmes zu einem Heimatfest entwickelt. Wie auch in den vergangenen Jahren, wird diese Kirmes von dem &#8222;Freindiezer e.V.&#8220; und den Freiendiezer Kirmesburschen ausgetragen.<\/p>\n<p>Auch wir leisten unseren Beitrag zum Freuendiezer Heimatfest. Am Samstag um 19:00 Uhr wird durch unseren Sch\u00fctzenkamerad Holger L\u00f6ber die Freiendiezer Kirmes 2016 auf dem Festplatz mit B\u00f6llersch\u00fcssen angeschossen.<\/p>\n<p>Wir w\u00fcnschen dem Freiendiezer e.V., den Kirmesburschen (und -m\u00e4dchen) sowie allen Freiendiezern eine sch\u00f6ne Kirmes!<\/p>\n","protected":false},"excerpt":{"rendered":"<p>Am kommenden Wochende (22.-24. Oktober 2016) startet die traditionelle Freiendiezer Kirmes. Erstmals am 31. Oktober 1853 ausgerichtet, hat sich die Freiendiezer Kirmes zu einem Heimatfest entwickelt. Wie auch in den vergangenen Jahren, wird diese Kirmes von dem &#8222;Freindiezer e.V.&#8220; und den Freiendiezer Kirmesburschen ausgetragen. Auch wir leisten unseren Beitrag zum Freuendiezer Heimatfest. Am Samstag um &hellip; <\/p>\n<p class=\"link-more\"><a href=\"https:\/\/www.sv-freiendiez.de\/?p=1119\" class=\"more-link\"><span class=\"screen-reader-text\">\u201eAuf zur Freiendiezer Kirmes 2016!\u201c<\/span> weiterlesen<\/a><\/p>\n","protected":false},"author":1,"featured_media":0,"comment_status":"closed","ping_status":"closed","sticky":false,"template":"","format":"standard","meta":{"ngg_post_thumbnail":0,"footnotes":""},"categories":[1],"tags":[],"class_list":["post-1119","post","type-post","status-publish","format-standard","hentry","category-allgemein"],"yoast_head":"<!-- This site is optimized with the Yoast SEO plugin v27.5 - https:\/\/yoast.com\/product\/yoast-seo-wordpress\/ -->\n<title>Auf zur Freiendiezer Kirmes 2016! - SV Diez-Freiendiez 1928 e.V.<\/title>\n<meta name=\"robots\" content=\"index, follow, max-snippet:-1, max-image-preview:large, max-video-preview:-1\" \/>\n<link rel=\"canonical\" href=\"https:\/\/www.sv-freiendiez.de\/?p=1119\" \/>\n<meta property=\"og:locale\" content=\"de_DE\" \/>\n<meta property=\"og:type\" content=\"article\" \/>\n<meta property=\"og:title\" content=\"Auf zur Freiendiezer Kirmes 2016! - SV Diez-Freiendiez 1928 e.V.\" \/>\n<meta property=\"og:description\" content=\"Am kommenden Wochende (22.-24. Oktober 2016) startet die traditionelle Freiendiezer Kirmes. Erstmals am 31. Oktober 1853 ausgerichtet, hat sich die Freiendiezer Kirmes zu einem Heimatfest entwickelt. Wie auch in den vergangenen Jahren, wird diese Kirmes von dem &#8222;Freindiezer e.V.&#8220; und den Freiendiezer Kirmesburschen ausgetragen. Auch wir leisten unseren Beitrag zum Freuendiezer Heimatfest. Am Samstag um &hellip; \u201eAuf zur Freiendiezer Kirmes 2016!\u201c weiterlesen\" \/>\n<meta property=\"og:url\" content=\"https:\/\/www.sv-freiendiez.de\/?p=1119\" \/>\n<meta property=\"og:site_name\" content=\"SV Diez-Freiendiez 1928 e.V.\" \/>\n<meta property=\"article:publisher\" content=\"https:\/\/www.facebook.com\/svfreiendiez\/\" \/>\n<meta property=\"article:published_time\" content=\"2016-10-18T21:12:24+00:00\" \/>\n<meta property=\"article:modified_time\" content=\"2016-10-18T21:14:07+00:00\" \/>\n<meta property=\"og:image\" content=\"http:\/\/www.sv-freiendiez.de\/wp-content\/uploads\/2016\/10\/FreindiezerKirmes2016_2-300x295.png\" \/>\n<meta name=\"author\" content=\"editor\" \/>\n<meta name=\"twitter:card\" content=\"summary_large_image\" \/>\n<meta name=\"twitter:label1\" content=\"Verfasst von\" \/>\n\t<meta name=\"twitter:data1\" content=\"editor\" \/>\n\t<meta name=\"twitter:label2\" content=\"Gesch\u00e4tzte Lesezeit\" \/>\n\t<meta name=\"twitter:data2\" content=\"1\u00a0Minute\" \/>\n<script type=\"application\/ld+json\" class=\"yoast-schema-graph\">{\"@context\":\"https:\\\/\\\/schema.org\",\"@graph\":[{\"@type\":\"Article\",\"@id\":\"https:\\\/\\\/www.sv-freiendiez.de\\\/?p=1119#article\",\"isPartOf\":{\"@id\":\"https:\\\/\\\/www.sv-freiendiez.de\\\/?p=1119\"},\"author\":{\"name\":\"editor\",\"@id\":\"https:\\\/\\\/www.sv-freiendiez.de\\\/#\\\/schema\\\/person\\\/e506fdcfcb3a8d0b33fb2982e44b9b79\"},\"headline\":\"Auf zur Freiendiezer Kirmes 2016!\",\"datePublished\":\"2016-10-18T21:12:24+00:00\",\"dateModified\":\"2016-10-18T21:14:07+00:00\",\"mainEntityOfPage\":{\"@id\":\"https:\\\/\\\/www.sv-freiendiez.de\\\/?p=1119\"},\"wordCount\":107,\"publisher\":{\"@id\":\"https:\\\/\\\/www.sv-freiendiez.de\\\/#organization\"},\"image\":{\"@id\":\"https:\\\/\\\/www.sv-freiendiez.de\\\/?p=1119#primaryimage\"},\"thumbnailUrl\":\"http:\\\/\\\/www.sv-freiendiez.de\\\/wp-content\\\/uploads\\\/2016\\\/10\\\/FreindiezerKirmes2016_2-300x295.png\",\"inLanguage\":\"de\"},{\"@type\":\"WebPage\",\"@id\":\"https:\\\/\\\/www.sv-freiendiez.de\\\/?p=1119\",\"url\":\"https:\\\/\\\/www.sv-freiendiez.de\\\/?p=1119\",\"name\":\"Auf zur Freiendiezer Kirmes 2016! - SV Diez-Freiendiez 1928 e.V.\",\"isPartOf\":{\"@id\":\"https:\\\/\\\/www.sv-freiendiez.de\\\/#website\"},\"primaryImageOfPage\":{\"@id\":\"https:\\\/\\\/www.sv-freiendiez.de\\\/?p=1119#primaryimage\"},\"image\":{\"@id\":\"https:\\\/\\\/www.sv-freiendiez.de\\\/?p=1119#primaryimage\"},\"thumbnailUrl\":\"http:\\\/\\\/www.sv-freiendiez.de\\\/wp-content\\\/uploads\\\/2016\\\/10\\\/FreindiezerKirmes2016_2-300x295.png\",\"datePublished\":\"2016-10-18T21:12:24+00:00\",\"dateModified\":\"2016-10-18T21:14:07+00:00\",\"breadcrumb\":{\"@id\":\"https:\\\/\\\/www.sv-freiendiez.de\\\/?p=1119#breadcrumb\"},\"inLanguage\":\"de\",\"potentialAction\":[{\"@type\":\"ReadAction\",\"target\":[\"https:\\\/\\\/www.sv-freiendiez.de\\\/?p=1119\"]}]},{\"@type\":\"ImageObject\",\"inLanguage\":\"de\",\"@id\":\"https:\\\/\\\/www.sv-freiendiez.de\\\/?p=1119#primaryimage\",\"url\":\"https:\\\/\\\/www.sv-freiendiez.de\\\/wp-content\\\/uploads\\\/2016\\\/10\\\/FreindiezerKirmes2016_2.png\",\"contentUrl\":\"https:\\\/\\\/www.sv-freiendiez.de\\\/wp-content\\\/uploads\\\/2016\\\/10\\\/FreindiezerKirmes2016_2.png\",\"width\":454,\"height\":446,\"caption\":\"Quelle: Freiendiezer e.V.\"},{\"@type\":\"BreadcrumbList\",\"@id\":\"https:\\\/\\\/www.sv-freiendiez.de\\\/?p=1119#breadcrumb\",\"itemListElement\":[{\"@type\":\"ListItem\",\"position\":1,\"name\":\"Startseite\",\"item\":\"https:\\\/\\\/www.sv-freiendiez.de\\\/\"},{\"@type\":\"ListItem\",\"position\":2,\"name\":\"Auf zur Freiendiezer Kirmes 2016!\"}]},{\"@type\":\"WebSite\",\"@id\":\"https:\\\/\\\/www.sv-freiendiez.de\\\/#website\",\"url\":\"https:\\\/\\\/www.sv-freiendiez.de\\\/\",\"name\":\"SV Diez-Freiendiez 1928 e.V.\",\"description\":\"Sch\u00fctzenverein Diez-Freiendiez 1928 e.V.\",\"publisher\":{\"@id\":\"https:\\\/\\\/www.sv-freiendiez.de\\\/#organization\"},\"potentialAction\":[{\"@type\":\"SearchAction\",\"target\":{\"@type\":\"EntryPoint\",\"urlTemplate\":\"https:\\\/\\\/www.sv-freiendiez.de\\\/?s={search_term_string}\"},\"query-input\":{\"@type\":\"PropertyValueSpecification\",\"valueRequired\":true,\"valueName\":\"search_term_string\"}}],\"inLanguage\":\"de\"},{\"@type\":\"Organization\",\"@id\":\"https:\\\/\\\/www.sv-freiendiez.de\\\/#organization\",\"name\":\"SV Diez-Freiendiez 1928 e.V.\",\"url\":\"https:\\\/\\\/www.sv-freiendiez.de\\\/\",\"logo\":{\"@type\":\"ImageObject\",\"inLanguage\":\"de\",\"@id\":\"https:\\\/\\\/www.sv-freiendiez.de\\\/#\\\/schema\\\/logo\\\/image\\\/\",\"url\":\"https:\\\/\\\/www.sv-freiendiez.de\\\/wp-content\\\/uploads\\\/2016\\\/12\\\/cropped-wappen250.png\",\"contentUrl\":\"https:\\\/\\\/www.sv-freiendiez.de\\\/wp-content\\\/uploads\\\/2016\\\/12\\\/cropped-wappen250.png\",\"width\":250,\"height\":250,\"caption\":\"SV Diez-Freiendiez 1928 e.V.\"},\"image\":{\"@id\":\"https:\\\/\\\/www.sv-freiendiez.de\\\/#\\\/schema\\\/logo\\\/image\\\/\"},\"sameAs\":[\"https:\\\/\\\/www.facebook.com\\\/svfreiendiez\\\/\"]},{\"@type\":\"Person\",\"@id\":\"https:\\\/\\\/www.sv-freiendiez.de\\\/#\\\/schema\\\/person\\\/e506fdcfcb3a8d0b33fb2982e44b9b79\",\"name\":\"editor\",\"image\":{\"@type\":\"ImageObject\",\"inLanguage\":\"de\",\"@id\":\"https:\\\/\\\/secure.gravatar.com\\\/avatar\\\/2e61a0e3091a1495360fb924e613dd25bace1d4a95a687bd9add8c68191636ff?s=96&d=mm&r=g\",\"url\":\"https:\\\/\\\/secure.gravatar.com\\\/avatar\\\/2e61a0e3091a1495360fb924e613dd25bace1d4a95a687bd9add8c68191636ff?s=96&d=mm&r=g\",\"contentUrl\":\"https:\\\/\\\/secure.gravatar.com\\\/avatar\\\/2e61a0e3091a1495360fb924e613dd25bace1d4a95a687bd9add8c68191636ff?s=96&d=mm&r=g\",\"caption\":\"editor\"},\"url\":\"https:\\\/\\\/www.sv-freiendiez.de\\\/?author=1\"}]}<\/script>\n<!-- \/ Yoast SEO plugin. -->","yoast_head_json":{"title":"Auf zur Freiendiezer Kirmes 2016! - SV Diez-Freiendiez 1928 e.V.","robots":{"index":"index","follow":"follow","max-snippet":"max-snippet:-1","max-image-preview":"max-image-preview:large","max-video-preview":"max-video-preview:-1"},"canonical":"https:\/\/www.sv-freiendiez.de\/?p=1119","og_locale":"de_DE","og_type":"article","og_title":"Auf zur Freiendiezer Kirmes 2016! - SV Diez-Freiendiez 1928 e.V.","og_description":"Am kommenden Wochende (22.-24. Oktober 2016) startet die traditionelle Freiendiezer Kirmes. Erstmals am 31. Oktober 1853 ausgerichtet, hat sich die Freiendiezer Kirmes zu einem Heimatfest entwickelt. Wie auch in den vergangenen Jahren, wird diese Kirmes von dem &#8222;Freindiezer e.V.&#8220; und den Freiendiezer Kirmesburschen ausgetragen. Auch wir leisten unseren Beitrag zum Freuendiezer Heimatfest. Am Samstag um &hellip; \u201eAuf zur Freiendiezer Kirmes 2016!\u201c weiterlesen","og_url":"https:\/\/www.sv-freiendiez.de\/?p=1119","og_site_name":"SV Diez-Freiendiez 1928 e.V.","article_publisher":"https:\/\/www.facebook.com\/svfreiendiez\/","article_published_time":"2016-10-18T21:12:24+00:00","article_modified_time":"2016-10-18T21:14:07+00:00","og_image":[{"url":"http:\/\/www.sv-freiendiez.de\/wp-content\/uploads\/2016\/10\/FreindiezerKirmes2016_2-300x295.png","type":"","width":"","height":""}],"author":"editor","twitter_card":"summary_large_image","twitter_misc":{"Verfasst von":"editor","Gesch\u00e4tzte Lesezeit":"1\u00a0Minute"},"schema":{"@context":"https:\/\/schema.org","@graph":[{"@type":"Article","@id":"https:\/\/www.sv-freiendiez.de\/?p=1119#article","isPartOf":{"@id":"https:\/\/www.sv-freiendiez.de\/?p=1119"},"author":{"name":"editor","@id":"https:\/\/www.sv-freiendiez.de\/#\/schema\/person\/e506fdcfcb3a8d0b33fb2982e44b9b79"},"headline":"Auf zur Freiendiezer Kirmes 2016!","datePublished":"2016-10-18T21:12:24+00:00","dateModified":"2016-10-18T21:14:07+00:00","mainEntityOfPage":{"@id":"https:\/\/www.sv-freiendiez.de\/?p=1119"},"wordCount":107,"publisher":{"@id":"https:\/\/www.sv-freiendiez.de\/#organization"},"image":{"@id":"https:\/\/www.sv-freiendiez.de\/?p=1119#primaryimage"},"thumbnailUrl":"http:\/\/www.sv-freiendiez.de\/wp-content\/uploads\/2016\/10\/FreindiezerKirmes2016_2-300x295.png","inLanguage":"de"},{"@type":"WebPage","@id":"https:\/\/www.sv-freiendiez.de\/?p=1119","url":"https:\/\/www.sv-freiendiez.de\/?p=1119","name":"Auf zur Freiendiezer Kirmes 2016! - SV Diez-Freiendiez 1928 e.V.","isPartOf":{"@id":"https:\/\/www.sv-freiendiez.de\/#website"},"primaryImageOfPage":{"@id":"https:\/\/www.sv-freiendiez.de\/?p=1119#primaryimage"},"image":{"@id":"https:\/\/www.sv-freiendiez.de\/?p=1119#primaryimage"},"thumbnailUrl":"http:\/\/www.sv-freiendiez.de\/wp-content\/uploads\/2016\/10\/FreindiezerKirmes2016_2-300x295.png","datePublished":"2016-10-18T21:12:24+00:00","dateModified":"2016-10-18T21:14:07+00:00","breadcrumb":{"@id":"https:\/\/www.sv-freiendiez.de\/?p=1119#breadcrumb"},"inLanguage":"de","potentialAction":[{"@type":"ReadAction","target":["https:\/\/www.sv-freiendiez.de\/?p=1119"]}]},{"@type":"ImageObject","inLanguage":"de","@id":"https:\/\/www.sv-freiendiez.de\/?p=1119#primaryimage","url":"https:\/\/www.sv-freiendiez.de\/wp-content\/uploads\/2016\/10\/FreindiezerKirmes2016_2.png","contentUrl":"https:\/\/www.sv-freiendiez.de\/wp-content\/uploads\/2016\/10\/FreindiezerKirmes2016_2.png","width":454,"height":446,"caption":"Quelle: Freiendiezer e.V."},{"@type":"BreadcrumbList","@id":"https:\/\/www.sv-freiendiez.de\/?p=1119#breadcrumb","itemListElement":[{"@type":"ListItem","position":1,"name":"Startseite","item":"https:\/\/www.sv-freiendiez.de\/"},{"@type":"ListItem","position":2,"name":"Auf zur Freiendiezer Kirmes 2016!"}]},{"@type":"WebSite","@id":"https:\/\/www.sv-freiendiez.de\/#website","url":"https:\/\/www.sv-freiendiez.de\/","name":"SV Diez-Freiendiez 1928 e.V.","description":"Sch\u00fctzenverein Diez-Freiendiez 1928 e.V.","publisher":{"@id":"https:\/\/www.sv-freiendiez.de\/#organization"},"potentialAction":[{"@type":"SearchAction","target":{"@type":"EntryPoint","urlTemplate":"https:\/\/www.sv-freiendiez.de\/?s={search_term_string}"},"query-input":{"@type":"PropertyValueSpecification","valueRequired":true,"valueName":"search_term_string"}}],"inLanguage":"de"},{"@type":"Organization","@id":"https:\/\/www.sv-freiendiez.de\/#organization","name":"SV Diez-Freiendiez 1928 e.V.","url":"https:\/\/www.sv-freiendiez.de\/","logo":{"@type":"ImageObject","inLanguage":"de","@id":"https:\/\/www.sv-freiendiez.de\/#\/schema\/logo\/image\/","url":"https:\/\/www.sv-freiendiez.de\/wp-content\/uploads\/2016\/12\/cropped-wappen250.png","contentUrl":"https:\/\/www.sv-freiendiez.de\/wp-content\/uploads\/2016\/12\/cropped-wappen250.png","width":250,"height":250,"caption":"SV Diez-Freiendiez 1928 e.V."},"image":{"@id":"https:\/\/www.sv-freiendiez.de\/#\/schema\/logo\/image\/"},"sameAs":["https:\/\/www.facebook.com\/svfreiendiez\/"]},{"@type":"Person","@id":"https:\/\/www.sv-freiendiez.de\/#\/schema\/person\/e506fdcfcb3a8d0b33fb2982e44b9b79","name":"editor","image":{"@type":"ImageObject","inLanguage":"de","@id":"https:\/\/secure.gravatar.com\/avatar\/2e61a0e3091a1495360fb924e613dd25bace1d4a95a687bd9add8c68191636ff?s=96&d=mm&r=g","url":"https:\/\/secure.gravatar.com\/avatar\/2e61a0e3091a1495360fb924e613dd25bace1d4a95a687bd9add8c68191636ff?s=96&d=mm&r=g","contentUrl":"https:\/\/secure.gravatar.com\/avatar\/2e61a0e3091a1495360fb924e613dd25bace1d4a95a687bd9add8c68191636ff?s=96&d=mm&r=g","caption":"editor"},"url":"https:\/\/www.sv-freiendiez.de\/?author=1"}]}},"_links":{"self":[{"href":"https:\/\/www.sv-freiendiez.de\/index.php?rest_route=\/wp\/v2\/posts\/1119","targetHints":{"allow":["GET"]}}],"collection":[{"href":"https:\/\/www.sv-freiendiez.de\/index.php?rest_route=\/wp\/v2\/posts"}],"about":[{"href":"https:\/\/www.sv-freiendiez.de\/index.php?rest_route=\/wp\/v2\/types\/post"}],"author":[{"embeddable":true,"href":"https:\/\/www.sv-freiendiez.de\/index.php?rest_route=\/wp\/v2\/users\/1"}],"replies":[{"embeddable":true,"href":"https:\/\/www.sv-freiendiez.de\/index.php?rest_route=%2Fwp%2Fv2%2Fcomments&post=1119"}],"version-history":[{"count":0,"href":"https:\/\/www.sv-freiendiez.de\/index.php?rest_route=\/wp\/v2\/posts\/1119\/revisions"}],"wp:attachment":[{"href":"https:\/\/www.sv-freiendiez.de\/index.php?rest_route=%2Fwp%2Fv2%2Fmedia&parent=1119"}],"wp:term":[{"taxonomy":"category","embeddable":true,"href":"https:\/\/www.sv-freiendiez.de\/index.php?rest_route=%2Fwp%2Fv2%2Fcategories&post=1119"},{"taxonomy":"post_tag","embeddable":true,"href":"https:\/\/www.sv-freiendiez.de\/index.php?rest_route=%2Fwp%2Fv2%2Ftags&post=1119"}],"curies":[{"name":"wp","href":"https:\/\/api.w.org\/{rel}","templated":true}]}}