{"id":1105,"date":"2016-09-13T21:13:56","date_gmt":"2016-09-13T19:13:56","guid":{"rendered":"http:\/\/www.sv-freiendiez.de\/?p=1105"},"modified":"2017-02-19T21:56:54","modified_gmt":"2017-02-19T20:56:54","slug":"traditonelles-koenigsschiessen-des-sv-diez-freiendiez-am-11-09-2016","status":"publish","type":"post","link":"https:\/\/www.sv-freiendiez.de\/?p=1105","title":{"rendered":"Traditonelles K\u00f6nigsschie\u00dfen des SV Diez-Freiendiez am 11.09.2016"},"content":{"rendered":"<figure id=\"attachment_1113\" aria-describedby=\"caption-attachment-1113\" style=\"width: 300px\" class=\"wp-caption alignright\"><a href=\"http:\/\/www.sv-freiendiez.de\/wp-content\/uploads\/2016\/09\/web_DSC_0075.jpg\"><img loading=\"lazy\" decoding=\"async\" class=\"size-medium wp-image-1113\" src=\"http:\/\/www.sv-freiendiez.de\/wp-content\/uploads\/2016\/09\/web_DSC_0075-300x200.jpg\" alt=\"Von links nach rechts: 2. Ritter J\u00fcrgen Br\u00f6der, Sch\u00fctzenk\u00f6nig Mark Staufenbiel, 1. Ritter Karald Zemla\" height=\"200\" width=\"300\" srcset=\"https:\/\/www.sv-freiendiez.de\/wp-content\/uploads\/2016\/09\/web_DSC_0075-300x200.jpg 300w, https:\/\/www.sv-freiendiez.de\/wp-content\/uploads\/2016\/09\/web_DSC_0075-768x512.jpg 768w, https:\/\/www.sv-freiendiez.de\/wp-content\/uploads\/2016\/09\/web_DSC_0075-1024x683.jpg 1024w, https:\/\/www.sv-freiendiez.de\/wp-content\/uploads\/2016\/09\/web_DSC_0075-450x300.jpg 450w, https:\/\/www.sv-freiendiez.de\/wp-content\/uploads\/2016\/09\/web_DSC_0075.jpg 1521w\" sizes=\"auto, (max-width: 300px) 100vw, 300px\" \/><\/a><figcaption id=\"caption-attachment-1113\" class=\"wp-caption-text\">Von links nach rechts: 2. Ritter J\u00fcrgen Br\u00f6der, Sch\u00fctzenk\u00f6nig Marc Staufenbiel, 1. Ritter Karald Zemla<\/figcaption><\/figure>\n<p style=\"text-align: justify;\">Schon wieder volles Haus.<\/p>\n<p style=\"text-align: justify;\">Diesesmal waren es nicht die B\u00fcrger wie vor 2 Wochen, sondern die Mitglieder des SV Diez- Freiendiez, die Ihren K\u00f6nig ausschossen.<\/p>\n<p style=\"text-align: justify;\">Beim Fr\u00fchst\u00fcck, traditionell ausgerichtet durch den Sch\u00fctzenk\u00f6nig des Vorjahres ( Holger L\u00f6ber ), war das Sch\u00fctzenhaus bereits proppenvoll.<\/p>\n<p style=\"text-align: justify;\">Gekommen waren nicht nur die 37 Mitglieder, die um die K\u00f6nigsw\u00fcrde schie\u00dfen wollten, sondern oft auch noch die ganze, mindesten aber die halbe Familie, der Sch\u00fctzen.<\/p>\n<p style=\"text-align: justify;\">Das Schie\u00dfen auf die beiden Holzadler begann p\u00fcnktlich um 10 Uhr, mit dem 1. Schu\u00df des alten K\u00f6nigs.<\/p>\n<p style=\"text-align: justify;\">Angetreten ware 28 Erwachsene und 9 Jugendliche, um die auf die Scheibe des Sch\u00fctzenk\u00f6nigs und die des Jugendk\u00f6nigs zu schie\u00dfen.<\/p>\n<p style=\"text-align: justify;\">Bei den Erwachsenen fiel der rechte Fl\u00fcgel des Adlers nach 46 Schu\u00df aus dem Kleinkalibergewehr.<\/p>\n<p style=\"text-align: justify;\">1. Ritter wurde Harald Zemla<\/p>\n<p style=\"text-align: justify;\">Der linke Fl\u00fcgel fiel nach weiteren 44 Sch\u00fcssen.<\/p>\n<p style=\"text-align: justify;\">2. Ritter wurde J\u00fcrgen Br\u00f6der<\/p>\n<p style=\"text-align: justify;\">Bei der Jugend fiel der rechte Fl\u00fcgel erst nach 90 Schu\u00df<\/p>\n<p style=\"text-align: justify;\">1. Ritter wurde Steve Ivanov<\/p>\n<p style=\"text-align: justify;\">Bereits 17 Sch\u00fcsse sp\u00e4ter fiel der linke Fl\u00fcgel<\/p>\n<p style=\"text-align: justify;\">2. Ritter wurde Daniel Michel<\/p>\n<p style=\"text-align: justify;\">Als ob es geplant gewesen w\u00e4re, war es nun 12 Uhr und es hie\u00df:<\/p>\n<p style=\"text-align: justify;\">Mittagessen ist fertig.<\/p>\n<p style=\"text-align: justify;\">Wieder einmal waren es die Frauen der Vorstandsmitglieder die zusammen mit unserem Chefkoch und 1. Ritter Harald Zemla, p\u00fcnktlich ein leckeres Essen auf den Tisch zauberten.<\/p>\n<p style=\"text-align: justify;\">Gest\u00e4rkt, ging es nun darum die beiden K\u00f6nige zu ermitteln. Diesmal hatte die Jugend die Nase vorne. Bereits nach 22 Sch\u00fcssen fiel der Adler.<\/p>\n<figure id=\"attachment_1112\" aria-describedby=\"caption-attachment-1112\" style=\"width: 300px\" class=\"wp-caption alignleft\"><a href=\"http:\/\/www.sv-freiendiez.de\/wp-content\/uploads\/2016\/09\/web_DSC_0084.jpg\"><img loading=\"lazy\" decoding=\"async\" class=\"size-medium wp-image-1112\" src=\"http:\/\/www.sv-freiendiez.de\/wp-content\/uploads\/2016\/09\/web_DSC_0084-300x200.jpg\" alt=\"Die Jugend von links nach rechts: 2. Ritter Daniel Michel, Jugendsch\u00fctzenk\u00f6nig Lukas Koder, 1. Ritter Steve Ivanov\" height=\"200\" width=\"300\" srcset=\"https:\/\/www.sv-freiendiez.de\/wp-content\/uploads\/2016\/09\/web_DSC_0084-300x200.jpg 300w, https:\/\/www.sv-freiendiez.de\/wp-content\/uploads\/2016\/09\/web_DSC_0084-768x512.jpg 768w, https:\/\/www.sv-freiendiez.de\/wp-content\/uploads\/2016\/09\/web_DSC_0084-1024x683.jpg 1024w, https:\/\/www.sv-freiendiez.de\/wp-content\/uploads\/2016\/09\/web_DSC_0084-450x300.jpg 450w, https:\/\/www.sv-freiendiez.de\/wp-content\/uploads\/2016\/09\/web_DSC_0084.jpg 1521w\" sizes=\"auto, (max-width: 300px) 100vw, 300px\" \/><\/a><figcaption id=\"caption-attachment-1112\" class=\"wp-caption-text\">Die Jugend von links nach rechts: 2. Ritter Daniel Michel, Jugendsch\u00fctzenk\u00f6nig Lukas Koder, 1. Ritter Steve Ivanov<\/figcaption><\/figure>\n<p style=\"text-align: justify;\"><strong>Jugendsch\u00fctzenk\u00f6nig wurde Lukas Koder.<\/strong><\/p>\n<p style=\"text-align: justify;\">Lukas war sichtlich \u00fcberrascht \u00fcber seine pl\u00f6tzliche K\u00f6nigsw\u00fcrde.<\/p>\n<p style=\"text-align: justify;\">Bei den Erwachsenen dauerte etwas l\u00e4nger. Doch auch hier fiel nach 147 Schu\u00df der Adler.<\/p>\n<p style=\"text-align: justify;\"><strong>Sch\u00fctzenk\u00f6nig wurde Marc Staufenbiel.<\/strong><\/p>\n<p style=\"text-align: justify;\">Der 26. j\u00e4hrige Marc freute sich sehr \u00fcber die Gl\u00fcckw\u00fcnsche der meist \u00e4lteren Sch\u00fctzenbr\u00fcder.<\/p>\n<p style=\"text-align: justify;\">Alles in allem wieder ein toller Tag im Sch\u00fctzenhaus am W\u00e4sserweg.<\/p>\n<p style=\"text-align: justify;\">Das Team um den 1. Vorsitzenden Bertholt Holzenthal, sieht sich aufgrund der gro\u00dfen Teilnahme der Mitglieder, in seinen Bem\u00fchungen um ein lebendiges Sch\u00fctzenhaus, mehr als best\u00e4tigt.<\/p>\n<p style=\"text-align: justify;\">K\u00fcrzer ausgedr\u00fcckt: Bertholt Holzenthal und der Vorstand haben sich sehr gefreut. Danke<\/p>\n","protected":false},"excerpt":{"rendered":"<p>Schon wieder volles Haus. Diesesmal waren es nicht die B\u00fcrger wie vor 2 Wochen, sondern die Mitglieder des SV Diez- Freiendiez, die Ihren K\u00f6nig ausschossen. Beim Fr\u00fchst\u00fcck, traditionell ausgerichtet durch den Sch\u00fctzenk\u00f6nig des Vorjahres ( Holger L\u00f6ber ), war das Sch\u00fctzenhaus bereits proppenvoll. Gekommen waren nicht nur die 37 Mitglieder, die um die K\u00f6nigsw\u00fcrde schie\u00dfen &hellip; <\/p>\n<p class=\"link-more\"><a href=\"https:\/\/www.sv-freiendiez.de\/?p=1105\" class=\"more-link\"><span class=\"screen-reader-text\">\u201eTraditonelles K\u00f6nigsschie\u00dfen des SV Diez-Freiendiez am 11.09.2016\u201c<\/span> weiterlesen<\/a><\/p>\n","protected":false},"author":1,"featured_media":0,"comment_status":"closed","ping_status":"closed","sticky":false,"template":"","format":"standard","meta":{"ngg_post_thumbnail":0,"footnotes":""},"categories":[6],"tags":[],"class_list":["post-1105","post","type-post","status-publish","format-standard","hentry","category-veranstaltungen"],"yoast_head":"<!-- This site is optimized with the Yoast SEO plugin v27.5 - https:\/\/yoast.com\/product\/yoast-seo-wordpress\/ -->\n<title>Traditonelles K\u00f6nigsschie\u00dfen des SV Diez-Freiendiez am 11.09.2016 - SV Diez-Freiendiez 1928 e.V.<\/title>\n<meta name=\"robots\" content=\"index, follow, max-snippet:-1, max-image-preview:large, max-video-preview:-1\" \/>\n<link rel=\"canonical\" href=\"https:\/\/www.sv-freiendiez.de\/?p=1105\" \/>\n<meta property=\"og:locale\" content=\"de_DE\" \/>\n<meta property=\"og:type\" content=\"article\" \/>\n<meta property=\"og:title\" content=\"Traditonelles K\u00f6nigsschie\u00dfen des SV Diez-Freiendiez am 11.09.2016 - SV Diez-Freiendiez 1928 e.V.\" \/>\n<meta property=\"og:description\" content=\"Schon wieder volles Haus. Diesesmal waren es nicht die B\u00fcrger wie vor 2 Wochen, sondern die Mitglieder des SV Diez- Freiendiez, die Ihren K\u00f6nig ausschossen. Beim Fr\u00fchst\u00fcck, traditionell ausgerichtet durch den Sch\u00fctzenk\u00f6nig des Vorjahres ( Holger L\u00f6ber ), war das Sch\u00fctzenhaus bereits proppenvoll. Gekommen waren nicht nur die 37 Mitglieder, die um die K\u00f6nigsw\u00fcrde schie\u00dfen &hellip; \u201eTraditonelles K\u00f6nigsschie\u00dfen des SV Diez-Freiendiez am 11.09.2016\u201c weiterlesen\" \/>\n<meta property=\"og:url\" content=\"https:\/\/www.sv-freiendiez.de\/?p=1105\" \/>\n<meta property=\"og:site_name\" content=\"SV Diez-Freiendiez 1928 e.V.\" \/>\n<meta property=\"article:publisher\" content=\"https:\/\/www.facebook.com\/svfreiendiez\/\" \/>\n<meta property=\"article:published_time\" content=\"2016-09-13T19:13:56+00:00\" \/>\n<meta property=\"article:modified_time\" content=\"2017-02-19T20:56:54+00:00\" \/>\n<meta property=\"og:image\" content=\"http:\/\/www.sv-freiendiez.de\/wp-content\/uploads\/2016\/09\/web_DSC_0075-300x200.jpg\" \/>\n<meta name=\"author\" content=\"editor\" \/>\n<meta name=\"twitter:card\" content=\"summary_large_image\" \/>\n<meta name=\"twitter:label1\" content=\"Verfasst von\" \/>\n\t<meta name=\"twitter:data1\" content=\"editor\" \/>\n\t<meta name=\"twitter:label2\" content=\"Gesch\u00e4tzte Lesezeit\" \/>\n\t<meta name=\"twitter:data2\" content=\"2\u00a0Minuten\" \/>\n<script type=\"application\/ld+json\" class=\"yoast-schema-graph\">{\"@context\":\"https:\\\/\\\/schema.org\",\"@graph\":[{\"@type\":\"Article\",\"@id\":\"https:\\\/\\\/www.sv-freiendiez.de\\\/?p=1105#article\",\"isPartOf\":{\"@id\":\"https:\\\/\\\/www.sv-freiendiez.de\\\/?p=1105\"},\"author\":{\"name\":\"editor\",\"@id\":\"https:\\\/\\\/www.sv-freiendiez.de\\\/#\\\/schema\\\/person\\\/e506fdcfcb3a8d0b33fb2982e44b9b79\"},\"headline\":\"Traditonelles K\u00f6nigsschie\u00dfen des SV Diez-Freiendiez am 11.09.2016\",\"datePublished\":\"2016-09-13T19:13:56+00:00\",\"dateModified\":\"2017-02-19T20:56:54+00:00\",\"mainEntityOfPage\":{\"@id\":\"https:\\\/\\\/www.sv-freiendiez.de\\\/?p=1105\"},\"wordCount\":418,\"publisher\":{\"@id\":\"https:\\\/\\\/www.sv-freiendiez.de\\\/#organization\"},\"image\":{\"@id\":\"https:\\\/\\\/www.sv-freiendiez.de\\\/?p=1105#primaryimage\"},\"thumbnailUrl\":\"http:\\\/\\\/www.sv-freiendiez.de\\\/wp-content\\\/uploads\\\/2016\\\/09\\\/web_DSC_0075-300x200.jpg\",\"articleSection\":[\"Veranstaltungen\"],\"inLanguage\":\"de\"},{\"@type\":\"WebPage\",\"@id\":\"https:\\\/\\\/www.sv-freiendiez.de\\\/?p=1105\",\"url\":\"https:\\\/\\\/www.sv-freiendiez.de\\\/?p=1105\",\"name\":\"Traditonelles K\u00f6nigsschie\u00dfen des SV Diez-Freiendiez am 11.09.2016 - SV Diez-Freiendiez 1928 e.V.\",\"isPartOf\":{\"@id\":\"https:\\\/\\\/www.sv-freiendiez.de\\\/#website\"},\"primaryImageOfPage\":{\"@id\":\"https:\\\/\\\/www.sv-freiendiez.de\\\/?p=1105#primaryimage\"},\"image\":{\"@id\":\"https:\\\/\\\/www.sv-freiendiez.de\\\/?p=1105#primaryimage\"},\"thumbnailUrl\":\"http:\\\/\\\/www.sv-freiendiez.de\\\/wp-content\\\/uploads\\\/2016\\\/09\\\/web_DSC_0075-300x200.jpg\",\"datePublished\":\"2016-09-13T19:13:56+00:00\",\"dateModified\":\"2017-02-19T20:56:54+00:00\",\"breadcrumb\":{\"@id\":\"https:\\\/\\\/www.sv-freiendiez.de\\\/?p=1105#breadcrumb\"},\"inLanguage\":\"de\",\"potentialAction\":[{\"@type\":\"ReadAction\",\"target\":[\"https:\\\/\\\/www.sv-freiendiez.de\\\/?p=1105\"]}]},{\"@type\":\"ImageObject\",\"inLanguage\":\"de\",\"@id\":\"https:\\\/\\\/www.sv-freiendiez.de\\\/?p=1105#primaryimage\",\"url\":\"https:\\\/\\\/www.sv-freiendiez.de\\\/wp-content\\\/uploads\\\/2016\\\/09\\\/web_DSC_0075.jpg\",\"contentUrl\":\"https:\\\/\\\/www.sv-freiendiez.de\\\/wp-content\\\/uploads\\\/2016\\\/09\\\/web_DSC_0075.jpg\",\"width\":1521,\"height\":1014,\"caption\":\"Von links nach rechts: 2. Ritter J\u00fcrgen Br\u00f6der, Sch\u00fctzenk\u00f6nig Mark Staufenbiel, 1. Ritter Karald Zemla\"},{\"@type\":\"BreadcrumbList\",\"@id\":\"https:\\\/\\\/www.sv-freiendiez.de\\\/?p=1105#breadcrumb\",\"itemListElement\":[{\"@type\":\"ListItem\",\"position\":1,\"name\":\"Startseite\",\"item\":\"https:\\\/\\\/www.sv-freiendiez.de\\\/\"},{\"@type\":\"ListItem\",\"position\":2,\"name\":\"Traditonelles K\u00f6nigsschie\u00dfen des SV Diez-Freiendiez am 11.09.2016\"}]},{\"@type\":\"WebSite\",\"@id\":\"https:\\\/\\\/www.sv-freiendiez.de\\\/#website\",\"url\":\"https:\\\/\\\/www.sv-freiendiez.de\\\/\",\"name\":\"SV Diez-Freiendiez 1928 e.V.\",\"description\":\"Sch\u00fctzenverein Diez-Freiendiez 1928 e.V.\",\"publisher\":{\"@id\":\"https:\\\/\\\/www.sv-freiendiez.de\\\/#organization\"},\"potentialAction\":[{\"@type\":\"SearchAction\",\"target\":{\"@type\":\"EntryPoint\",\"urlTemplate\":\"https:\\\/\\\/www.sv-freiendiez.de\\\/?s={search_term_string}\"},\"query-input\":{\"@type\":\"PropertyValueSpecification\",\"valueRequired\":true,\"valueName\":\"search_term_string\"}}],\"inLanguage\":\"de\"},{\"@type\":\"Organization\",\"@id\":\"https:\\\/\\\/www.sv-freiendiez.de\\\/#organization\",\"name\":\"SV Diez-Freiendiez 1928 e.V.\",\"url\":\"https:\\\/\\\/www.sv-freiendiez.de\\\/\",\"logo\":{\"@type\":\"ImageObject\",\"inLanguage\":\"de\",\"@id\":\"https:\\\/\\\/www.sv-freiendiez.de\\\/#\\\/schema\\\/logo\\\/image\\\/\",\"url\":\"https:\\\/\\\/www.sv-freiendiez.de\\\/wp-content\\\/uploads\\\/2016\\\/12\\\/cropped-wappen250.png\",\"contentUrl\":\"https:\\\/\\\/www.sv-freiendiez.de\\\/wp-content\\\/uploads\\\/2016\\\/12\\\/cropped-wappen250.png\",\"width\":250,\"height\":250,\"caption\":\"SV Diez-Freiendiez 1928 e.V.\"},\"image\":{\"@id\":\"https:\\\/\\\/www.sv-freiendiez.de\\\/#\\\/schema\\\/logo\\\/image\\\/\"},\"sameAs\":[\"https:\\\/\\\/www.facebook.com\\\/svfreiendiez\\\/\"]},{\"@type\":\"Person\",\"@id\":\"https:\\\/\\\/www.sv-freiendiez.de\\\/#\\\/schema\\\/person\\\/e506fdcfcb3a8d0b33fb2982e44b9b79\",\"name\":\"editor\",\"image\":{\"@type\":\"ImageObject\",\"inLanguage\":\"de\",\"@id\":\"https:\\\/\\\/secure.gravatar.com\\\/avatar\\\/2e61a0e3091a1495360fb924e613dd25bace1d4a95a687bd9add8c68191636ff?s=96&d=mm&r=g\",\"url\":\"https:\\\/\\\/secure.gravatar.com\\\/avatar\\\/2e61a0e3091a1495360fb924e613dd25bace1d4a95a687bd9add8c68191636ff?s=96&d=mm&r=g\",\"contentUrl\":\"https:\\\/\\\/secure.gravatar.com\\\/avatar\\\/2e61a0e3091a1495360fb924e613dd25bace1d4a95a687bd9add8c68191636ff?s=96&d=mm&r=g\",\"caption\":\"editor\"},\"url\":\"https:\\\/\\\/www.sv-freiendiez.de\\\/?author=1\"}]}<\/script>\n<!-- \/ Yoast SEO plugin. -->","yoast_head_json":{"title":"Traditonelles K\u00f6nigsschie\u00dfen des SV Diez-Freiendiez am 11.09.2016 - SV Diez-Freiendiez 1928 e.V.","robots":{"index":"index","follow":"follow","max-snippet":"max-snippet:-1","max-image-preview":"max-image-preview:large","max-video-preview":"max-video-preview:-1"},"canonical":"https:\/\/www.sv-freiendiez.de\/?p=1105","og_locale":"de_DE","og_type":"article","og_title":"Traditonelles K\u00f6nigsschie\u00dfen des SV Diez-Freiendiez am 11.09.2016 - SV Diez-Freiendiez 1928 e.V.","og_description":"Schon wieder volles Haus. Diesesmal waren es nicht die B\u00fcrger wie vor 2 Wochen, sondern die Mitglieder des SV Diez- Freiendiez, die Ihren K\u00f6nig ausschossen. Beim Fr\u00fchst\u00fcck, traditionell ausgerichtet durch den Sch\u00fctzenk\u00f6nig des Vorjahres ( Holger L\u00f6ber ), war das Sch\u00fctzenhaus bereits proppenvoll. Gekommen waren nicht nur die 37 Mitglieder, die um die K\u00f6nigsw\u00fcrde schie\u00dfen &hellip; \u201eTraditonelles K\u00f6nigsschie\u00dfen des SV Diez-Freiendiez am 11.09.2016\u201c weiterlesen","og_url":"https:\/\/www.sv-freiendiez.de\/?p=1105","og_site_name":"SV Diez-Freiendiez 1928 e.V.","article_publisher":"https:\/\/www.facebook.com\/svfreiendiez\/","article_published_time":"2016-09-13T19:13:56+00:00","article_modified_time":"2017-02-19T20:56:54+00:00","og_image":[{"url":"http:\/\/www.sv-freiendiez.de\/wp-content\/uploads\/2016\/09\/web_DSC_0075-300x200.jpg","type":"","width":"","height":""}],"author":"editor","twitter_card":"summary_large_image","twitter_misc":{"Verfasst von":"editor","Gesch\u00e4tzte Lesezeit":"2\u00a0Minuten"},"schema":{"@context":"https:\/\/schema.org","@graph":[{"@type":"Article","@id":"https:\/\/www.sv-freiendiez.de\/?p=1105#article","isPartOf":{"@id":"https:\/\/www.sv-freiendiez.de\/?p=1105"},"author":{"name":"editor","@id":"https:\/\/www.sv-freiendiez.de\/#\/schema\/person\/e506fdcfcb3a8d0b33fb2982e44b9b79"},"headline":"Traditonelles K\u00f6nigsschie\u00dfen des SV Diez-Freiendiez am 11.09.2016","datePublished":"2016-09-13T19:13:56+00:00","dateModified":"2017-02-19T20:56:54+00:00","mainEntityOfPage":{"@id":"https:\/\/www.sv-freiendiez.de\/?p=1105"},"wordCount":418,"publisher":{"@id":"https:\/\/www.sv-freiendiez.de\/#organization"},"image":{"@id":"https:\/\/www.sv-freiendiez.de\/?p=1105#primaryimage"},"thumbnailUrl":"http:\/\/www.sv-freiendiez.de\/wp-content\/uploads\/2016\/09\/web_DSC_0075-300x200.jpg","articleSection":["Veranstaltungen"],"inLanguage":"de"},{"@type":"WebPage","@id":"https:\/\/www.sv-freiendiez.de\/?p=1105","url":"https:\/\/www.sv-freiendiez.de\/?p=1105","name":"Traditonelles K\u00f6nigsschie\u00dfen des SV Diez-Freiendiez am 11.09.2016 - SV Diez-Freiendiez 1928 e.V.","isPartOf":{"@id":"https:\/\/www.sv-freiendiez.de\/#website"},"primaryImageOfPage":{"@id":"https:\/\/www.sv-freiendiez.de\/?p=1105#primaryimage"},"image":{"@id":"https:\/\/www.sv-freiendiez.de\/?p=1105#primaryimage"},"thumbnailUrl":"http:\/\/www.sv-freiendiez.de\/wp-content\/uploads\/2016\/09\/web_DSC_0075-300x200.jpg","datePublished":"2016-09-13T19:13:56+00:00","dateModified":"2017-02-19T20:56:54+00:00","breadcrumb":{"@id":"https:\/\/www.sv-freiendiez.de\/?p=1105#breadcrumb"},"inLanguage":"de","potentialAction":[{"@type":"ReadAction","target":["https:\/\/www.sv-freiendiez.de\/?p=1105"]}]},{"@type":"ImageObject","inLanguage":"de","@id":"https:\/\/www.sv-freiendiez.de\/?p=1105#primaryimage","url":"https:\/\/www.sv-freiendiez.de\/wp-content\/uploads\/2016\/09\/web_DSC_0075.jpg","contentUrl":"https:\/\/www.sv-freiendiez.de\/wp-content\/uploads\/2016\/09\/web_DSC_0075.jpg","width":1521,"height":1014,"caption":"Von links nach rechts: 2. Ritter J\u00fcrgen Br\u00f6der, Sch\u00fctzenk\u00f6nig Mark Staufenbiel, 1. Ritter Karald Zemla"},{"@type":"BreadcrumbList","@id":"https:\/\/www.sv-freiendiez.de\/?p=1105#breadcrumb","itemListElement":[{"@type":"ListItem","position":1,"name":"Startseite","item":"https:\/\/www.sv-freiendiez.de\/"},{"@type":"ListItem","position":2,"name":"Traditonelles K\u00f6nigsschie\u00dfen des SV Diez-Freiendiez am 11.09.2016"}]},{"@type":"WebSite","@id":"https:\/\/www.sv-freiendiez.de\/#website","url":"https:\/\/www.sv-freiendiez.de\/","name":"SV Diez-Freiendiez 1928 e.V.","description":"Sch\u00fctzenverein Diez-Freiendiez 1928 e.V.","publisher":{"@id":"https:\/\/www.sv-freiendiez.de\/#organization"},"potentialAction":[{"@type":"SearchAction","target":{"@type":"EntryPoint","urlTemplate":"https:\/\/www.sv-freiendiez.de\/?s={search_term_string}"},"query-input":{"@type":"PropertyValueSpecification","valueRequired":true,"valueName":"search_term_string"}}],"inLanguage":"de"},{"@type":"Organization","@id":"https:\/\/www.sv-freiendiez.de\/#organization","name":"SV Diez-Freiendiez 1928 e.V.","url":"https:\/\/www.sv-freiendiez.de\/","logo":{"@type":"ImageObject","inLanguage":"de","@id":"https:\/\/www.sv-freiendiez.de\/#\/schema\/logo\/image\/","url":"https:\/\/www.sv-freiendiez.de\/wp-content\/uploads\/2016\/12\/cropped-wappen250.png","contentUrl":"https:\/\/www.sv-freiendiez.de\/wp-content\/uploads\/2016\/12\/cropped-wappen250.png","width":250,"height":250,"caption":"SV Diez-Freiendiez 1928 e.V."},"image":{"@id":"https:\/\/www.sv-freiendiez.de\/#\/schema\/logo\/image\/"},"sameAs":["https:\/\/www.facebook.com\/svfreiendiez\/"]},{"@type":"Person","@id":"https:\/\/www.sv-freiendiez.de\/#\/schema\/person\/e506fdcfcb3a8d0b33fb2982e44b9b79","name":"editor","image":{"@type":"ImageObject","inLanguage":"de","@id":"https:\/\/secure.gravatar.com\/avatar\/2e61a0e3091a1495360fb924e613dd25bace1d4a95a687bd9add8c68191636ff?s=96&d=mm&r=g","url":"https:\/\/secure.gravatar.com\/avatar\/2e61a0e3091a1495360fb924e613dd25bace1d4a95a687bd9add8c68191636ff?s=96&d=mm&r=g","contentUrl":"https:\/\/secure.gravatar.com\/avatar\/2e61a0e3091a1495360fb924e613dd25bace1d4a95a687bd9add8c68191636ff?s=96&d=mm&r=g","caption":"editor"},"url":"https:\/\/www.sv-freiendiez.de\/?author=1"}]}},"_links":{"self":[{"href":"https:\/\/www.sv-freiendiez.de\/index.php?rest_route=\/wp\/v2\/posts\/1105","targetHints":{"allow":["GET"]}}],"collection":[{"href":"https:\/\/www.sv-freiendiez.de\/index.php?rest_route=\/wp\/v2\/posts"}],"about":[{"href":"https:\/\/www.sv-freiendiez.de\/index.php?rest_route=\/wp\/v2\/types\/post"}],"author":[{"embeddable":true,"href":"https:\/\/www.sv-freiendiez.de\/index.php?rest_route=\/wp\/v2\/users\/1"}],"replies":[{"embeddable":true,"href":"https:\/\/www.sv-freiendiez.de\/index.php?rest_route=%2Fwp%2Fv2%2Fcomments&post=1105"}],"version-history":[{"count":0,"href":"https:\/\/www.sv-freiendiez.de\/index.php?rest_route=\/wp\/v2\/posts\/1105\/revisions"}],"wp:attachment":[{"href":"https:\/\/www.sv-freiendiez.de\/index.php?rest_route=%2Fwp%2Fv2%2Fmedia&parent=1105"}],"wp:term":[{"taxonomy":"category","embeddable":true,"href":"https:\/\/www.sv-freiendiez.de\/index.php?rest_route=%2Fwp%2Fv2%2Fcategories&post=1105"},{"taxonomy":"post_tag","embeddable":true,"href":"https:\/\/www.sv-freiendiez.de\/index.php?rest_route=%2Fwp%2Fv2%2Ftags&post=1105"}],"curies":[{"name":"wp","href":"https:\/\/api.w.org\/{rel}","templated":true}]}}