{"id":1090,"date":"2016-09-04T19:54:22","date_gmt":"2016-09-04T17:54:22","guid":{"rendered":"http:\/\/www.sv-freiendiez.de\/?p=1090"},"modified":"2016-09-14T11:30:43","modified_gmt":"2016-09-14T09:30:43","slug":"koenigsschiessen-2016","status":"publish","type":"post","link":"https:\/\/www.sv-freiendiez.de\/?p=1090","title":{"rendered":"K\u00f6nigsschiessen 2016"},"content":{"rendered":"<p>Hallo liebe Vereinsmitglieder,<\/p>\n<p>im Nachfolgenden nochmal die Einladung unseres Vorsitzenden Berthold Holzenthal zum diesj\u00e4hrigen K\u00f6nigsschiessen. Es w\u00e4re sch\u00f6n, wenn m\u00f6glichst viele Aktive teilnehmen w\u00fcrden.<\/p>\n<blockquote><p>Liebe Sch\u00fctzenschwestern, liebe Sch\u00fctzenbr\u00fcder, liebe Sch\u00fctzenjugend,<\/p>\n<p>wir laden Euch mit Partner herzlich zu unserem diesj\u00e4hrigen K\u00f6nigsschie\u00dfen am Sonntag den 11.09.2016 in unser Sch\u00fctzenhaus ein.<\/p>\n<p>Wir beginnen um 09:00 mit Sekt und gemeinsamen Fr\u00fchst\u00fcck. So etwa gegen 10:00 beginnen wir mit dem zerlegen der Adler (Ermitteln der Ritter und des K\u00f6nigs).<\/p>\n<p>Mittagessen , Kaffee und Kuchen sowie weitere Getr\u00e4nke werden in ausreichender Menge vorhanden sein.<\/p>\n<p>Wir freuen uns auf Euer kommen.<\/p>\n<p>In Auftrag des Vorstandes<\/p>\n<p>Berthold Holzenthal<\/p><\/blockquote>\n<p>&nbsp;<\/p>\n<figure id=\"attachment_445\" aria-describedby=\"caption-attachment-445\" style=\"width: 300px\" class=\"wp-caption aligncenter\"><img loading=\"lazy\" decoding=\"async\" class=\"size-medium wp-image-445\" src=\"http:\/\/www.sv-freiendiez.de\/wp-content\/uploads\/2015\/09\/P1010646-300x225.jpg\" alt=\"Der Adler vom 2015 (C) SV Diez-Freiendiez\" width=\"300\" height=\"225\" srcset=\"https:\/\/www.sv-freiendiez.de\/wp-content\/uploads\/2015\/09\/P1010646-300x225.jpg 300w, https:\/\/www.sv-freiendiez.de\/wp-content\/uploads\/2015\/09\/P1010646-1024x768.jpg 1024w, https:\/\/www.sv-freiendiez.de\/wp-content\/uploads\/2015\/09\/P1010646-400x300.jpg 400w, https:\/\/www.sv-freiendiez.de\/wp-content\/uploads\/2015\/09\/P1010646.jpg 1094w\" sizes=\"auto, (max-width: 300px) 100vw, 300px\" \/><figcaption id=\"caption-attachment-445\" class=\"wp-caption-text\">Der Adler vom 2015 (C) SV Diez-Freiendiez<\/figcaption><\/figure>\n","protected":false},"excerpt":{"rendered":"<p>Hallo liebe Vereinsmitglieder, im Nachfolgenden nochmal die Einladung unseres Vorsitzenden Berthold Holzenthal zum diesj\u00e4hrigen K\u00f6nigsschiessen. Es w\u00e4re sch\u00f6n, wenn m\u00f6glichst viele Aktive teilnehmen w\u00fcrden. Liebe Sch\u00fctzenschwestern, liebe Sch\u00fctzenbr\u00fcder, liebe Sch\u00fctzenjugend, wir laden Euch mit Partner herzlich zu unserem diesj\u00e4hrigen K\u00f6nigsschie\u00dfen am Sonntag den 11.09.2016 in unser Sch\u00fctzenhaus ein. Wir beginnen um 09:00 mit Sekt und &hellip; <\/p>\n<p class=\"link-more\"><a href=\"https:\/\/www.sv-freiendiez.de\/?p=1090\" class=\"more-link\"><span class=\"screen-reader-text\">\u201eK\u00f6nigsschiessen 2016\u201c<\/span> weiterlesen<\/a><\/p>\n","protected":false},"author":1,"featured_media":0,"comment_status":"closed","ping_status":"closed","sticky":false,"template":"","format":"standard","meta":{"ngg_post_thumbnail":0,"footnotes":""},"categories":[6],"tags":[],"class_list":["post-1090","post","type-post","status-publish","format-standard","hentry","category-veranstaltungen"],"yoast_head":"<!-- This site is optimized with the Yoast SEO plugin v27.5 - https:\/\/yoast.com\/product\/yoast-seo-wordpress\/ -->\n<title>K\u00f6nigsschiessen 2016 - SV Diez-Freiendiez 1928 e.V.<\/title>\n<meta name=\"robots\" content=\"index, follow, max-snippet:-1, max-image-preview:large, max-video-preview:-1\" \/>\n<link rel=\"canonical\" href=\"https:\/\/www.sv-freiendiez.de\/?p=1090\" \/>\n<meta property=\"og:locale\" content=\"de_DE\" \/>\n<meta property=\"og:type\" content=\"article\" \/>\n<meta property=\"og:title\" content=\"K\u00f6nigsschiessen 2016 - SV Diez-Freiendiez 1928 e.V.\" \/>\n<meta property=\"og:description\" content=\"Hallo liebe Vereinsmitglieder, im Nachfolgenden nochmal die Einladung unseres Vorsitzenden Berthold Holzenthal zum diesj\u00e4hrigen K\u00f6nigsschiessen. Es w\u00e4re sch\u00f6n, wenn m\u00f6glichst viele Aktive teilnehmen w\u00fcrden. Liebe Sch\u00fctzenschwestern, liebe Sch\u00fctzenbr\u00fcder, liebe Sch\u00fctzenjugend, wir laden Euch mit Partner herzlich zu unserem diesj\u00e4hrigen K\u00f6nigsschie\u00dfen am Sonntag den 11.09.2016 in unser Sch\u00fctzenhaus ein. Wir beginnen um 09:00 mit Sekt und &hellip; \u201eK\u00f6nigsschiessen 2016\u201c weiterlesen\" \/>\n<meta property=\"og:url\" content=\"https:\/\/www.sv-freiendiez.de\/?p=1090\" \/>\n<meta property=\"og:site_name\" content=\"SV Diez-Freiendiez 1928 e.V.\" \/>\n<meta property=\"article:publisher\" content=\"https:\/\/www.facebook.com\/svfreiendiez\/\" \/>\n<meta property=\"article:published_time\" content=\"2016-09-04T17:54:22+00:00\" \/>\n<meta property=\"article:modified_time\" content=\"2016-09-14T09:30:43+00:00\" \/>\n<meta property=\"og:image\" content=\"http:\/\/www.sv-freiendiez.de\/wp-content\/uploads\/2015\/09\/P1010646-300x225.jpg\" \/>\n<meta name=\"author\" content=\"editor\" \/>\n<meta name=\"twitter:card\" content=\"summary_large_image\" \/>\n<meta name=\"twitter:label1\" content=\"Verfasst von\" \/>\n\t<meta name=\"twitter:data1\" content=\"editor\" \/>\n\t<meta name=\"twitter:label2\" content=\"Gesch\u00e4tzte Lesezeit\" \/>\n\t<meta name=\"twitter:data2\" content=\"1\u00a0Minute\" \/>\n<script type=\"application\/ld+json\" class=\"yoast-schema-graph\">{\"@context\":\"https:\\\/\\\/schema.org\",\"@graph\":[{\"@type\":\"Article\",\"@id\":\"https:\\\/\\\/www.sv-freiendiez.de\\\/?p=1090#article\",\"isPartOf\":{\"@id\":\"https:\\\/\\\/www.sv-freiendiez.de\\\/?p=1090\"},\"author\":{\"name\":\"editor\",\"@id\":\"https:\\\/\\\/www.sv-freiendiez.de\\\/#\\\/schema\\\/person\\\/e506fdcfcb3a8d0b33fb2982e44b9b79\"},\"headline\":\"K\u00f6nigsschiessen 2016\",\"datePublished\":\"2016-09-04T17:54:22+00:00\",\"dateModified\":\"2016-09-14T09:30:43+00:00\",\"mainEntityOfPage\":{\"@id\":\"https:\\\/\\\/www.sv-freiendiez.de\\\/?p=1090\"},\"wordCount\":130,\"publisher\":{\"@id\":\"https:\\\/\\\/www.sv-freiendiez.de\\\/#organization\"},\"image\":{\"@id\":\"https:\\\/\\\/www.sv-freiendiez.de\\\/?p=1090#primaryimage\"},\"thumbnailUrl\":\"http:\\\/\\\/www.sv-freiendiez.de\\\/wp-content\\\/uploads\\\/2015\\\/09\\\/P1010646-300x225.jpg\",\"articleSection\":[\"Veranstaltungen\"],\"inLanguage\":\"de\"},{\"@type\":\"WebPage\",\"@id\":\"https:\\\/\\\/www.sv-freiendiez.de\\\/?p=1090\",\"url\":\"https:\\\/\\\/www.sv-freiendiez.de\\\/?p=1090\",\"name\":\"K\u00f6nigsschiessen 2016 - SV Diez-Freiendiez 1928 e.V.\",\"isPartOf\":{\"@id\":\"https:\\\/\\\/www.sv-freiendiez.de\\\/#website\"},\"primaryImageOfPage\":{\"@id\":\"https:\\\/\\\/www.sv-freiendiez.de\\\/?p=1090#primaryimage\"},\"image\":{\"@id\":\"https:\\\/\\\/www.sv-freiendiez.de\\\/?p=1090#primaryimage\"},\"thumbnailUrl\":\"http:\\\/\\\/www.sv-freiendiez.de\\\/wp-content\\\/uploads\\\/2015\\\/09\\\/P1010646-300x225.jpg\",\"datePublished\":\"2016-09-04T17:54:22+00:00\",\"dateModified\":\"2016-09-14T09:30:43+00:00\",\"breadcrumb\":{\"@id\":\"https:\\\/\\\/www.sv-freiendiez.de\\\/?p=1090#breadcrumb\"},\"inLanguage\":\"de\",\"potentialAction\":[{\"@type\":\"ReadAction\",\"target\":[\"https:\\\/\\\/www.sv-freiendiez.de\\\/?p=1090\"]}]},{\"@type\":\"ImageObject\",\"inLanguage\":\"de\",\"@id\":\"https:\\\/\\\/www.sv-freiendiez.de\\\/?p=1090#primaryimage\",\"url\":\"https:\\\/\\\/www.sv-freiendiez.de\\\/wp-content\\\/uploads\\\/2015\\\/09\\\/P1010646.jpg\",\"contentUrl\":\"https:\\\/\\\/www.sv-freiendiez.de\\\/wp-content\\\/uploads\\\/2015\\\/09\\\/P1010646.jpg\",\"width\":1094,\"height\":821,\"caption\":\"Der Adler vom 2015 (C) SV Diez-Freiendiez\"},{\"@type\":\"BreadcrumbList\",\"@id\":\"https:\\\/\\\/www.sv-freiendiez.de\\\/?p=1090#breadcrumb\",\"itemListElement\":[{\"@type\":\"ListItem\",\"position\":1,\"name\":\"Startseite\",\"item\":\"https:\\\/\\\/www.sv-freiendiez.de\\\/\"},{\"@type\":\"ListItem\",\"position\":2,\"name\":\"K\u00f6nigsschiessen 2016\"}]},{\"@type\":\"WebSite\",\"@id\":\"https:\\\/\\\/www.sv-freiendiez.de\\\/#website\",\"url\":\"https:\\\/\\\/www.sv-freiendiez.de\\\/\",\"name\":\"SV Diez-Freiendiez 1928 e.V.\",\"description\":\"Sch\u00fctzenverein Diez-Freiendiez 1928 e.V.\",\"publisher\":{\"@id\":\"https:\\\/\\\/www.sv-freiendiez.de\\\/#organization\"},\"potentialAction\":[{\"@type\":\"SearchAction\",\"target\":{\"@type\":\"EntryPoint\",\"urlTemplate\":\"https:\\\/\\\/www.sv-freiendiez.de\\\/?s={search_term_string}\"},\"query-input\":{\"@type\":\"PropertyValueSpecification\",\"valueRequired\":true,\"valueName\":\"search_term_string\"}}],\"inLanguage\":\"de\"},{\"@type\":\"Organization\",\"@id\":\"https:\\\/\\\/www.sv-freiendiez.de\\\/#organization\",\"name\":\"SV Diez-Freiendiez 1928 e.V.\",\"url\":\"https:\\\/\\\/www.sv-freiendiez.de\\\/\",\"logo\":{\"@type\":\"ImageObject\",\"inLanguage\":\"de\",\"@id\":\"https:\\\/\\\/www.sv-freiendiez.de\\\/#\\\/schema\\\/logo\\\/image\\\/\",\"url\":\"https:\\\/\\\/www.sv-freiendiez.de\\\/wp-content\\\/uploads\\\/2016\\\/12\\\/cropped-wappen250.png\",\"contentUrl\":\"https:\\\/\\\/www.sv-freiendiez.de\\\/wp-content\\\/uploads\\\/2016\\\/12\\\/cropped-wappen250.png\",\"width\":250,\"height\":250,\"caption\":\"SV Diez-Freiendiez 1928 e.V.\"},\"image\":{\"@id\":\"https:\\\/\\\/www.sv-freiendiez.de\\\/#\\\/schema\\\/logo\\\/image\\\/\"},\"sameAs\":[\"https:\\\/\\\/www.facebook.com\\\/svfreiendiez\\\/\"]},{\"@type\":\"Person\",\"@id\":\"https:\\\/\\\/www.sv-freiendiez.de\\\/#\\\/schema\\\/person\\\/e506fdcfcb3a8d0b33fb2982e44b9b79\",\"name\":\"editor\",\"image\":{\"@type\":\"ImageObject\",\"inLanguage\":\"de\",\"@id\":\"https:\\\/\\\/secure.gravatar.com\\\/avatar\\\/2e61a0e3091a1495360fb924e613dd25bace1d4a95a687bd9add8c68191636ff?s=96&d=mm&r=g\",\"url\":\"https:\\\/\\\/secure.gravatar.com\\\/avatar\\\/2e61a0e3091a1495360fb924e613dd25bace1d4a95a687bd9add8c68191636ff?s=96&d=mm&r=g\",\"contentUrl\":\"https:\\\/\\\/secure.gravatar.com\\\/avatar\\\/2e61a0e3091a1495360fb924e613dd25bace1d4a95a687bd9add8c68191636ff?s=96&d=mm&r=g\",\"caption\":\"editor\"},\"url\":\"https:\\\/\\\/www.sv-freiendiez.de\\\/?author=1\"}]}<\/script>\n<!-- \/ Yoast SEO plugin. -->","yoast_head_json":{"title":"K\u00f6nigsschiessen 2016 - SV Diez-Freiendiez 1928 e.V.","robots":{"index":"index","follow":"follow","max-snippet":"max-snippet:-1","max-image-preview":"max-image-preview:large","max-video-preview":"max-video-preview:-1"},"canonical":"https:\/\/www.sv-freiendiez.de\/?p=1090","og_locale":"de_DE","og_type":"article","og_title":"K\u00f6nigsschiessen 2016 - SV Diez-Freiendiez 1928 e.V.","og_description":"Hallo liebe Vereinsmitglieder, im Nachfolgenden nochmal die Einladung unseres Vorsitzenden Berthold Holzenthal zum diesj\u00e4hrigen K\u00f6nigsschiessen. Es w\u00e4re sch\u00f6n, wenn m\u00f6glichst viele Aktive teilnehmen w\u00fcrden. Liebe Sch\u00fctzenschwestern, liebe Sch\u00fctzenbr\u00fcder, liebe Sch\u00fctzenjugend, wir laden Euch mit Partner herzlich zu unserem diesj\u00e4hrigen K\u00f6nigsschie\u00dfen am Sonntag den 11.09.2016 in unser Sch\u00fctzenhaus ein. Wir beginnen um 09:00 mit Sekt und &hellip; \u201eK\u00f6nigsschiessen 2016\u201c weiterlesen","og_url":"https:\/\/www.sv-freiendiez.de\/?p=1090","og_site_name":"SV Diez-Freiendiez 1928 e.V.","article_publisher":"https:\/\/www.facebook.com\/svfreiendiez\/","article_published_time":"2016-09-04T17:54:22+00:00","article_modified_time":"2016-09-14T09:30:43+00:00","og_image":[{"url":"http:\/\/www.sv-freiendiez.de\/wp-content\/uploads\/2015\/09\/P1010646-300x225.jpg","type":"","width":"","height":""}],"author":"editor","twitter_card":"summary_large_image","twitter_misc":{"Verfasst von":"editor","Gesch\u00e4tzte Lesezeit":"1\u00a0Minute"},"schema":{"@context":"https:\/\/schema.org","@graph":[{"@type":"Article","@id":"https:\/\/www.sv-freiendiez.de\/?p=1090#article","isPartOf":{"@id":"https:\/\/www.sv-freiendiez.de\/?p=1090"},"author":{"name":"editor","@id":"https:\/\/www.sv-freiendiez.de\/#\/schema\/person\/e506fdcfcb3a8d0b33fb2982e44b9b79"},"headline":"K\u00f6nigsschiessen 2016","datePublished":"2016-09-04T17:54:22+00:00","dateModified":"2016-09-14T09:30:43+00:00","mainEntityOfPage":{"@id":"https:\/\/www.sv-freiendiez.de\/?p=1090"},"wordCount":130,"publisher":{"@id":"https:\/\/www.sv-freiendiez.de\/#organization"},"image":{"@id":"https:\/\/www.sv-freiendiez.de\/?p=1090#primaryimage"},"thumbnailUrl":"http:\/\/www.sv-freiendiez.de\/wp-content\/uploads\/2015\/09\/P1010646-300x225.jpg","articleSection":["Veranstaltungen"],"inLanguage":"de"},{"@type":"WebPage","@id":"https:\/\/www.sv-freiendiez.de\/?p=1090","url":"https:\/\/www.sv-freiendiez.de\/?p=1090","name":"K\u00f6nigsschiessen 2016 - SV Diez-Freiendiez 1928 e.V.","isPartOf":{"@id":"https:\/\/www.sv-freiendiez.de\/#website"},"primaryImageOfPage":{"@id":"https:\/\/www.sv-freiendiez.de\/?p=1090#primaryimage"},"image":{"@id":"https:\/\/www.sv-freiendiez.de\/?p=1090#primaryimage"},"thumbnailUrl":"http:\/\/www.sv-freiendiez.de\/wp-content\/uploads\/2015\/09\/P1010646-300x225.jpg","datePublished":"2016-09-04T17:54:22+00:00","dateModified":"2016-09-14T09:30:43+00:00","breadcrumb":{"@id":"https:\/\/www.sv-freiendiez.de\/?p=1090#breadcrumb"},"inLanguage":"de","potentialAction":[{"@type":"ReadAction","target":["https:\/\/www.sv-freiendiez.de\/?p=1090"]}]},{"@type":"ImageObject","inLanguage":"de","@id":"https:\/\/www.sv-freiendiez.de\/?p=1090#primaryimage","url":"https:\/\/www.sv-freiendiez.de\/wp-content\/uploads\/2015\/09\/P1010646.jpg","contentUrl":"https:\/\/www.sv-freiendiez.de\/wp-content\/uploads\/2015\/09\/P1010646.jpg","width":1094,"height":821,"caption":"Der Adler vom 2015 (C) SV Diez-Freiendiez"},{"@type":"BreadcrumbList","@id":"https:\/\/www.sv-freiendiez.de\/?p=1090#breadcrumb","itemListElement":[{"@type":"ListItem","position":1,"name":"Startseite","item":"https:\/\/www.sv-freiendiez.de\/"},{"@type":"ListItem","position":2,"name":"K\u00f6nigsschiessen 2016"}]},{"@type":"WebSite","@id":"https:\/\/www.sv-freiendiez.de\/#website","url":"https:\/\/www.sv-freiendiez.de\/","name":"SV Diez-Freiendiez 1928 e.V.","description":"Sch\u00fctzenverein Diez-Freiendiez 1928 e.V.","publisher":{"@id":"https:\/\/www.sv-freiendiez.de\/#organization"},"potentialAction":[{"@type":"SearchAction","target":{"@type":"EntryPoint","urlTemplate":"https:\/\/www.sv-freiendiez.de\/?s={search_term_string}"},"query-input":{"@type":"PropertyValueSpecification","valueRequired":true,"valueName":"search_term_string"}}],"inLanguage":"de"},{"@type":"Organization","@id":"https:\/\/www.sv-freiendiez.de\/#organization","name":"SV Diez-Freiendiez 1928 e.V.","url":"https:\/\/www.sv-freiendiez.de\/","logo":{"@type":"ImageObject","inLanguage":"de","@id":"https:\/\/www.sv-freiendiez.de\/#\/schema\/logo\/image\/","url":"https:\/\/www.sv-freiendiez.de\/wp-content\/uploads\/2016\/12\/cropped-wappen250.png","contentUrl":"https:\/\/www.sv-freiendiez.de\/wp-content\/uploads\/2016\/12\/cropped-wappen250.png","width":250,"height":250,"caption":"SV Diez-Freiendiez 1928 e.V."},"image":{"@id":"https:\/\/www.sv-freiendiez.de\/#\/schema\/logo\/image\/"},"sameAs":["https:\/\/www.facebook.com\/svfreiendiez\/"]},{"@type":"Person","@id":"https:\/\/www.sv-freiendiez.de\/#\/schema\/person\/e506fdcfcb3a8d0b33fb2982e44b9b79","name":"editor","image":{"@type":"ImageObject","inLanguage":"de","@id":"https:\/\/secure.gravatar.com\/avatar\/2e61a0e3091a1495360fb924e613dd25bace1d4a95a687bd9add8c68191636ff?s=96&d=mm&r=g","url":"https:\/\/secure.gravatar.com\/avatar\/2e61a0e3091a1495360fb924e613dd25bace1d4a95a687bd9add8c68191636ff?s=96&d=mm&r=g","contentUrl":"https:\/\/secure.gravatar.com\/avatar\/2e61a0e3091a1495360fb924e613dd25bace1d4a95a687bd9add8c68191636ff?s=96&d=mm&r=g","caption":"editor"},"url":"https:\/\/www.sv-freiendiez.de\/?author=1"}]}},"_links":{"self":[{"href":"https:\/\/www.sv-freiendiez.de\/index.php?rest_route=\/wp\/v2\/posts\/1090","targetHints":{"allow":["GET"]}}],"collection":[{"href":"https:\/\/www.sv-freiendiez.de\/index.php?rest_route=\/wp\/v2\/posts"}],"about":[{"href":"https:\/\/www.sv-freiendiez.de\/index.php?rest_route=\/wp\/v2\/types\/post"}],"author":[{"embeddable":true,"href":"https:\/\/www.sv-freiendiez.de\/index.php?rest_route=\/wp\/v2\/users\/1"}],"replies":[{"embeddable":true,"href":"https:\/\/www.sv-freiendiez.de\/index.php?rest_route=%2Fwp%2Fv2%2Fcomments&post=1090"}],"version-history":[{"count":0,"href":"https:\/\/www.sv-freiendiez.de\/index.php?rest_route=\/wp\/v2\/posts\/1090\/revisions"}],"wp:attachment":[{"href":"https:\/\/www.sv-freiendiez.de\/index.php?rest_route=%2Fwp%2Fv2%2Fmedia&parent=1090"}],"wp:term":[{"taxonomy":"category","embeddable":true,"href":"https:\/\/www.sv-freiendiez.de\/index.php?rest_route=%2Fwp%2Fv2%2Fcategories&post=1090"},{"taxonomy":"post_tag","embeddable":true,"href":"https:\/\/www.sv-freiendiez.de\/index.php?rest_route=%2Fwp%2Fv2%2Ftags&post=1090"}],"curies":[{"name":"wp","href":"https:\/\/api.w.org\/{rel}","templated":true}]}}