{"id":1084,"date":"2016-08-28T20:16:44","date_gmt":"2016-08-28T18:16:44","guid":{"rendered":"http:\/\/www.sv-freiendiez.de\/?p=1084"},"modified":"2016-09-14T11:32:06","modified_gmt":"2016-09-14T09:32:06","slug":"traditionelles-buergerschiessen-des-schuetzenverein-diez","status":"publish","type":"post","link":"https:\/\/www.sv-freiendiez.de\/?p=1084","title":{"rendered":"Traditionelles B\u00fcrgerschie\u00dfen des Sch\u00fctzenverein Diez &#8211; Freiendiez"},"content":{"rendered":"<figure id=\"attachment_1085\" aria-describedby=\"caption-attachment-1085\" style=\"width: 300px\" class=\"wp-caption alignleft\"><img loading=\"lazy\" decoding=\"async\" class=\"size-medium wp-image-1085\" src=\"http:\/\/www.sv-freiendiez.de\/wp-content\/uploads\/2016\/08\/sieger-300x226.jpg\" alt=\"Von links nach rechts: Holger L\u00f6ber, Alex Schwanke, Gero Bachon, Manfred Sonntag, Peter Bachon, Martin Schleppy \" width=\"300\" height=\"226\" srcset=\"https:\/\/www.sv-freiendiez.de\/wp-content\/uploads\/2016\/08\/sieger-300x226.jpg 300w, https:\/\/www.sv-freiendiez.de\/wp-content\/uploads\/2016\/08\/sieger-399x300.jpg 399w, https:\/\/www.sv-freiendiez.de\/wp-content\/uploads\/2016\/08\/sieger.jpg 537w\" sizes=\"auto, (max-width: 300px) 100vw, 300px\" \/><figcaption id=\"caption-attachment-1085\" class=\"wp-caption-text\">Von links nach rechts: Holger L\u00f6ber, Alex Schwanke, Gero Bachon, Manfred Sonntag, Peter Bachon, Martin Schleppy<\/figcaption><\/figure>\n<p style=\"text-align: justify;\">\u00dcber eine erfreulich hohe Beteiligung durch Diezer und Freiendiezer B\u00fcrger, konnte sich in diesem Jahr das Team um den 1. Vorsitzenden Berthold Holzenthal und Sportleiter Holger L\u00f6ber, freuen. Angetreten waren 49 Einzelsch\u00fctzen in 11 Mannschaften. Geschossen wurde mit dem Kleinkalibergewehr auf 50 m und elektronischer Auswertanlage, sp\u00e4ter dann in der Einzelwertung auf eine h\u00f6lzerne Ehrenscheibe.<\/p>\n<p style=\"text-align: justify;\">In leidenschaftlich ausgetragenen Wettk\u00e4mpfen in der Mannschaftswertung, konnte sich zum Schlu\u00df, die Mannschaft, MC Germania Jungs\u00e4nger durchsetzen. Sie erreichte mit 95 Ringen den 1. Platz. Noch viel spannender war der Kampf in der Einzelwertung. In einem sentiationell spannenden Finale schossen die besten 11 Einzelsch\u00fctzen. Mit dem letzten Schu\u00df an diesem Tag sicherte sich Manfred Sonntag die begehrte Scheibe. F\u00fcr das leibliche Wohl der G\u00e4ste war wie immer bestens gesorgt. Vereinsmitglied Harald Zemla und die Frauen der Vorstandsmitglieder, hatten von belegten Br\u00f6tchen, Spie\u00dfbraten, bis hin verschiedenen Kuchen alles am Start.<\/p>\n<p style=\"text-align: justify;\">Alles in Allem ein gelungener Tag im Sch\u00fctzenhaus Diez- Freiendiez. Nicht nur f\u00fcr die G\u00e4ste.<\/p>\n<p style=\"text-align: justify;\">\n<div class=\"ngg-galleryoverview ngg-slideshow\"\n\tid=\"ngg-slideshow-a18c6ae8da54c4460f5628b2b8dcd439-15318381260\"\n\tdata-nextgen-gallery-id=\"6\"\n\tdata-gallery-id=\"a18c6ae8da54c4460f5628b2b8dcd439\"\n\t\tdata-gallery-name=\"K\u00f6nigschiessen 2016\"\n\t\tstyle=\"max-width: 600px;\n\t\t\tmax-height: 400px;\n\t\t\tdisplay: none;\">\n\n\t\n\t\t<a href=\"https:\/\/www.sv-freiendiez.de\/wp-content\/gallery\/koenigschiessen-2016\/IMG_1480.JPG?t=1473845542\"\n\t\t\ttitle=\"\"\n\t\t\tdata-src=\"https:\/\/www.sv-freiendiez.de\/wp-content\/gallery\/koenigschiessen-2016\/IMG_1480.JPG?t=1473845542\"\n\t\t\tdata-thumbnail=\"https:\/\/www.sv-freiendiez.de\/wp-content\/gallery\/koenigschiessen-2016\/thumbs\/thumbs_IMG_1480.JPG?t=1473845542\"\n\t\t\tdata-image-id=\"277\"\n\t\t\tdata-image-name=\"IMG_1480.JPG\"\n\t\t\tdata-title=\"IMG_1480\"\n\t\t\tdata-description=\"\"\n\t\t\t\t\t\t\t\t\t\t\t\t\t\t\tclass=\"ngg-fancybox\" rel=\"a18c6ae8da54c4460f5628b2b8dcd439\">\n\t\t\t\n\t\t\t<img data-image-id='277'\n\t\t\t\ttitle=\"\"\n\t\t\t\talt=\"IMG_1480\"\n\t\t\t\tsrc=\"https:\/\/www.sv-freiendiez.de\/wp-content\/gallery\/koenigschiessen-2016\/IMG_1480.JPG?t=1473845542\"\n\t\t\t\tstyle=\"max-height: 380px;\"\/>\n\t\t<\/a>\n\n\t\t\n\t\t<a href=\"https:\/\/www.sv-freiendiez.de\/wp-content\/gallery\/koenigschiessen-2016\/IMG_1481.JPG?t=1472407845\"\n\t\t\ttitle=\"\"\n\t\t\tdata-src=\"https:\/\/www.sv-freiendiez.de\/wp-content\/gallery\/koenigschiessen-2016\/IMG_1481.JPG?t=1472407845\"\n\t\t\tdata-thumbnail=\"https:\/\/www.sv-freiendiez.de\/wp-content\/gallery\/koenigschiessen-2016\/thumbs\/thumbs_IMG_1481.JPG?t=1472407845\"\n\t\t\tdata-image-id=\"278\"\n\t\t\tdata-image-name=\"IMG_1481.JPG\"\n\t\t\tdata-title=\"IMG_1481\"\n\t\t\tdata-description=\"\"\n\t\t\t\t\t\t\t\t\t\t\t\t\t\t\tclass=\"ngg-fancybox\" rel=\"a18c6ae8da54c4460f5628b2b8dcd439\">\n\t\t\t\n\t\t\t<img data-image-id='278'\n\t\t\t\ttitle=\"\"\n\t\t\t\talt=\"IMG_1481\"\n\t\t\t\tsrc=\"https:\/\/www.sv-freiendiez.de\/wp-content\/gallery\/koenigschiessen-2016\/IMG_1481.JPG?t=1472407845\"\n\t\t\t\tstyle=\"max-height: 380px;\"\/>\n\t\t<\/a>\n\n\t\t\n\t\t<a href=\"https:\/\/www.sv-freiendiez.de\/wp-content\/gallery\/koenigschiessen-2016\/IMG_1482.JPG?t=1472407845\"\n\t\t\ttitle=\"\"\n\t\t\tdata-src=\"https:\/\/www.sv-freiendiez.de\/wp-content\/gallery\/koenigschiessen-2016\/IMG_1482.JPG?t=1472407845\"\n\t\t\tdata-thumbnail=\"https:\/\/www.sv-freiendiez.de\/wp-content\/gallery\/koenigschiessen-2016\/thumbs\/thumbs_IMG_1482.JPG?t=1472407845\"\n\t\t\tdata-image-id=\"279\"\n\t\t\tdata-image-name=\"IMG_1482.JPG\"\n\t\t\tdata-title=\"IMG_1482\"\n\t\t\tdata-description=\"\"\n\t\t\t\t\t\t\t\t\t\t\t\t\t\t\tclass=\"ngg-fancybox\" rel=\"a18c6ae8da54c4460f5628b2b8dcd439\">\n\t\t\t\n\t\t\t<img data-image-id='279'\n\t\t\t\ttitle=\"\"\n\t\t\t\talt=\"IMG_1482\"\n\t\t\t\tsrc=\"https:\/\/www.sv-freiendiez.de\/wp-content\/gallery\/koenigschiessen-2016\/IMG_1482.JPG?t=1472407845\"\n\t\t\t\tstyle=\"max-height: 380px;\"\/>\n\t\t<\/a>\n\n\t\t\n\t\t<a href=\"https:\/\/www.sv-freiendiez.de\/wp-content\/gallery\/koenigschiessen-2016\/IMG_1483.JPG?t=1472407845\"\n\t\t\ttitle=\"\"\n\t\t\tdata-src=\"https:\/\/www.sv-freiendiez.de\/wp-content\/gallery\/koenigschiessen-2016\/IMG_1483.JPG?t=1472407845\"\n\t\t\tdata-thumbnail=\"https:\/\/www.sv-freiendiez.de\/wp-content\/gallery\/koenigschiessen-2016\/thumbs\/thumbs_IMG_1483.JPG?t=1472407845\"\n\t\t\tdata-image-id=\"280\"\n\t\t\tdata-image-name=\"IMG_1483.JPG\"\n\t\t\tdata-title=\"IMG_1483\"\n\t\t\tdata-description=\"\"\n\t\t\t\t\t\t\t\t\t\t\t\t\t\t\tclass=\"ngg-fancybox\" rel=\"a18c6ae8da54c4460f5628b2b8dcd439\">\n\t\t\t\n\t\t\t<img data-image-id='280'\n\t\t\t\ttitle=\"\"\n\t\t\t\talt=\"IMG_1483\"\n\t\t\t\tsrc=\"https:\/\/www.sv-freiendiez.de\/wp-content\/gallery\/koenigschiessen-2016\/IMG_1483.JPG?t=1472407845\"\n\t\t\t\tstyle=\"max-height: 380px;\"\/>\n\t\t<\/a>\n\n\t\t\n\t\t<a href=\"https:\/\/www.sv-freiendiez.de\/wp-content\/gallery\/koenigschiessen-2016\/IMG_1486.JPG?t=1472407845\"\n\t\t\ttitle=\"\"\n\t\t\tdata-src=\"https:\/\/www.sv-freiendiez.de\/wp-content\/gallery\/koenigschiessen-2016\/IMG_1486.JPG?t=1472407845\"\n\t\t\tdata-thumbnail=\"https:\/\/www.sv-freiendiez.de\/wp-content\/gallery\/koenigschiessen-2016\/thumbs\/thumbs_IMG_1486.JPG?t=1472407845\"\n\t\t\tdata-image-id=\"281\"\n\t\t\tdata-image-name=\"IMG_1486.JPG\"\n\t\t\tdata-title=\"IMG_1486\"\n\t\t\tdata-description=\"\"\n\t\t\t\t\t\t\t\t\t\t\t\t\t\t\tclass=\"ngg-fancybox\" rel=\"a18c6ae8da54c4460f5628b2b8dcd439\">\n\t\t\t\n\t\t\t<img data-image-id='281'\n\t\t\t\ttitle=\"\"\n\t\t\t\talt=\"IMG_1486\"\n\t\t\t\tsrc=\"https:\/\/www.sv-freiendiez.de\/wp-content\/gallery\/koenigschiessen-2016\/IMG_1486.JPG?t=1472407845\"\n\t\t\t\tstyle=\"max-height: 380px;\"\/>\n\t\t<\/a>\n\n\t\t\n\t\t<a href=\"https:\/\/www.sv-freiendiez.de\/wp-content\/gallery\/koenigschiessen-2016\/IMG_1487.JPG?t=1472407845\"\n\t\t\ttitle=\"\"\n\t\t\tdata-src=\"https:\/\/www.sv-freiendiez.de\/wp-content\/gallery\/koenigschiessen-2016\/IMG_1487.JPG?t=1472407845\"\n\t\t\tdata-thumbnail=\"https:\/\/www.sv-freiendiez.de\/wp-content\/gallery\/koenigschiessen-2016\/thumbs\/thumbs_IMG_1487.JPG?t=1472407845\"\n\t\t\tdata-image-id=\"282\"\n\t\t\tdata-image-name=\"IMG_1487.JPG\"\n\t\t\tdata-title=\"IMG_1487\"\n\t\t\tdata-description=\"\"\n\t\t\t\t\t\t\t\t\t\t\t\t\t\t\tclass=\"ngg-fancybox\" rel=\"a18c6ae8da54c4460f5628b2b8dcd439\">\n\t\t\t\n\t\t\t<img data-image-id='282'\n\t\t\t\ttitle=\"\"\n\t\t\t\talt=\"IMG_1487\"\n\t\t\t\tsrc=\"https:\/\/www.sv-freiendiez.de\/wp-content\/gallery\/koenigschiessen-2016\/IMG_1487.JPG?t=1472407845\"\n\t\t\t\tstyle=\"max-height: 380px;\"\/>\n\t\t<\/a>\n\n\t\t\n\t\t<a href=\"https:\/\/www.sv-freiendiez.de\/wp-content\/gallery\/koenigschiessen-2016\/IMG_1491.JPG?t=1472407845\"\n\t\t\ttitle=\"\"\n\t\t\tdata-src=\"https:\/\/www.sv-freiendiez.de\/wp-content\/gallery\/koenigschiessen-2016\/IMG_1491.JPG?t=1472407845\"\n\t\t\tdata-thumbnail=\"https:\/\/www.sv-freiendiez.de\/wp-content\/gallery\/koenigschiessen-2016\/thumbs\/thumbs_IMG_1491.JPG?t=1472407845\"\n\t\t\tdata-image-id=\"283\"\n\t\t\tdata-image-name=\"IMG_1491.JPG\"\n\t\t\tdata-title=\"IMG_1491\"\n\t\t\tdata-description=\"\"\n\t\t\t\t\t\t\t\t\t\t\t\t\t\t\tclass=\"ngg-fancybox\" rel=\"a18c6ae8da54c4460f5628b2b8dcd439\">\n\t\t\t\n\t\t\t<img data-image-id='283'\n\t\t\t\ttitle=\"\"\n\t\t\t\talt=\"IMG_1491\"\n\t\t\t\tsrc=\"https:\/\/www.sv-freiendiez.de\/wp-content\/gallery\/koenigschiessen-2016\/IMG_1491.JPG?t=1472407845\"\n\t\t\t\tstyle=\"max-height: 380px;\"\/>\n\t\t<\/a>\n\n\t\t\n\t\t<a href=\"https:\/\/www.sv-freiendiez.de\/wp-content\/gallery\/koenigschiessen-2016\/IMG_1492.JPG?t=1472407845\"\n\t\t\ttitle=\"\"\n\t\t\tdata-src=\"https:\/\/www.sv-freiendiez.de\/wp-content\/gallery\/koenigschiessen-2016\/IMG_1492.JPG?t=1472407845\"\n\t\t\tdata-thumbnail=\"https:\/\/www.sv-freiendiez.de\/wp-content\/gallery\/koenigschiessen-2016\/thumbs\/thumbs_IMG_1492.JPG?t=1472407845\"\n\t\t\tdata-image-id=\"284\"\n\t\t\tdata-image-name=\"IMG_1492.JPG\"\n\t\t\tdata-title=\"IMG_1492\"\n\t\t\tdata-description=\"\"\n\t\t\t\t\t\t\t\t\t\t\t\t\t\t\tclass=\"ngg-fancybox\" rel=\"a18c6ae8da54c4460f5628b2b8dcd439\">\n\t\t\t\n\t\t\t<img data-image-id='284'\n\t\t\t\ttitle=\"\"\n\t\t\t\talt=\"IMG_1492\"\n\t\t\t\tsrc=\"https:\/\/www.sv-freiendiez.de\/wp-content\/gallery\/koenigschiessen-2016\/IMG_1492.JPG?t=1472407845\"\n\t\t\t\tstyle=\"max-height: 380px;\"\/>\n\t\t<\/a>\n\n\t\t\n\t\t<a href=\"https:\/\/www.sv-freiendiez.de\/wp-content\/gallery\/koenigschiessen-2016\/IMG_1494.JPG?t=1472407845\"\n\t\t\ttitle=\"\"\n\t\t\tdata-src=\"https:\/\/www.sv-freiendiez.de\/wp-content\/gallery\/koenigschiessen-2016\/IMG_1494.JPG?t=1472407845\"\n\t\t\tdata-thumbnail=\"https:\/\/www.sv-freiendiez.de\/wp-content\/gallery\/koenigschiessen-2016\/thumbs\/thumbs_IMG_1494.JPG?t=1472407845\"\n\t\t\tdata-image-id=\"285\"\n\t\t\tdata-image-name=\"IMG_1494.JPG\"\n\t\t\tdata-title=\"IMG_1494\"\n\t\t\tdata-description=\"\"\n\t\t\t\t\t\t\t\t\t\t\t\t\t\t\tclass=\"ngg-fancybox\" rel=\"a18c6ae8da54c4460f5628b2b8dcd439\">\n\t\t\t\n\t\t\t<img data-image-id='285'\n\t\t\t\ttitle=\"\"\n\t\t\t\talt=\"IMG_1494\"\n\t\t\t\tsrc=\"https:\/\/www.sv-freiendiez.de\/wp-content\/gallery\/koenigschiessen-2016\/IMG_1494.JPG?t=1472407845\"\n\t\t\t\tstyle=\"max-height: 380px;\"\/>\n\t\t<\/a>\n\n\t\t\n\t\t<a href=\"https:\/\/www.sv-freiendiez.de\/wp-content\/gallery\/koenigschiessen-2016\/IMG_1495.JPG?t=1472407845\"\n\t\t\ttitle=\"\"\n\t\t\tdata-src=\"https:\/\/www.sv-freiendiez.de\/wp-content\/gallery\/koenigschiessen-2016\/IMG_1495.JPG?t=1472407845\"\n\t\t\tdata-thumbnail=\"https:\/\/www.sv-freiendiez.de\/wp-content\/gallery\/koenigschiessen-2016\/thumbs\/thumbs_IMG_1495.JPG?t=1472407845\"\n\t\t\tdata-image-id=\"286\"\n\t\t\tdata-image-name=\"IMG_1495.JPG\"\n\t\t\tdata-title=\"IMG_1495\"\n\t\t\tdata-description=\"\"\n\t\t\t\t\t\t\t\t\t\t\t\t\t\t\tclass=\"ngg-fancybox\" rel=\"a18c6ae8da54c4460f5628b2b8dcd439\">\n\t\t\t\n\t\t\t<img data-image-id='286'\n\t\t\t\ttitle=\"\"\n\t\t\t\talt=\"IMG_1495\"\n\t\t\t\tsrc=\"https:\/\/www.sv-freiendiez.de\/wp-content\/gallery\/koenigschiessen-2016\/IMG_1495.JPG?t=1472407845\"\n\t\t\t\tstyle=\"max-height: 380px;\"\/>\n\t\t<\/a>\n\n\t\t\n\t\t<a href=\"https:\/\/www.sv-freiendiez.de\/wp-content\/gallery\/koenigschiessen-2016\/IMG_1496.JPG?t=1472407845\"\n\t\t\ttitle=\"\"\n\t\t\tdata-src=\"https:\/\/www.sv-freiendiez.de\/wp-content\/gallery\/koenigschiessen-2016\/IMG_1496.JPG?t=1472407845\"\n\t\t\tdata-thumbnail=\"https:\/\/www.sv-freiendiez.de\/wp-content\/gallery\/koenigschiessen-2016\/thumbs\/thumbs_IMG_1496.JPG?t=1472407845\"\n\t\t\tdata-image-id=\"287\"\n\t\t\tdata-image-name=\"IMG_1496.JPG\"\n\t\t\tdata-title=\"IMG_1496\"\n\t\t\tdata-description=\"\"\n\t\t\t\t\t\t\t\t\t\t\t\t\t\t\tclass=\"ngg-fancybox\" rel=\"a18c6ae8da54c4460f5628b2b8dcd439\">\n\t\t\t\n\t\t\t<img data-image-id='287'\n\t\t\t\ttitle=\"\"\n\t\t\t\talt=\"IMG_1496\"\n\t\t\t\tsrc=\"https:\/\/www.sv-freiendiez.de\/wp-content\/gallery\/koenigschiessen-2016\/IMG_1496.JPG?t=1472407845\"\n\t\t\t\tstyle=\"max-height: 380px;\"\/>\n\t\t<\/a>\n\n\t\t\n\t\t<a href=\"https:\/\/www.sv-freiendiez.de\/wp-content\/gallery\/koenigschiessen-2016\/IMG_1497.JPG?t=1472407845\"\n\t\t\ttitle=\"\"\n\t\t\tdata-src=\"https:\/\/www.sv-freiendiez.de\/wp-content\/gallery\/koenigschiessen-2016\/IMG_1497.JPG?t=1472407845\"\n\t\t\tdata-thumbnail=\"https:\/\/www.sv-freiendiez.de\/wp-content\/gallery\/koenigschiessen-2016\/thumbs\/thumbs_IMG_1497.JPG?t=1472407845\"\n\t\t\tdata-image-id=\"288\"\n\t\t\tdata-image-name=\"IMG_1497.JPG\"\n\t\t\tdata-title=\"IMG_1497\"\n\t\t\tdata-description=\"\"\n\t\t\t\t\t\t\t\t\t\t\t\t\t\t\tclass=\"ngg-fancybox\" rel=\"a18c6ae8da54c4460f5628b2b8dcd439\">\n\t\t\t\n\t\t\t<img data-image-id='288'\n\t\t\t\ttitle=\"\"\n\t\t\t\talt=\"IMG_1497\"\n\t\t\t\tsrc=\"https:\/\/www.sv-freiendiez.de\/wp-content\/gallery\/koenigschiessen-2016\/IMG_1497.JPG?t=1472407845\"\n\t\t\t\tstyle=\"max-height: 380px;\"\/>\n\t\t<\/a>\n\n\t\t\n\t\t<a href=\"https:\/\/www.sv-freiendiez.de\/wp-content\/gallery\/koenigschiessen-2016\/IMG_6349.JPG?t=1472407846\"\n\t\t\ttitle=\"\"\n\t\t\tdata-src=\"https:\/\/www.sv-freiendiez.de\/wp-content\/gallery\/koenigschiessen-2016\/IMG_6349.JPG?t=1472407846\"\n\t\t\tdata-thumbnail=\"https:\/\/www.sv-freiendiez.de\/wp-content\/gallery\/koenigschiessen-2016\/thumbs\/thumbs_IMG_6349.JPG?t=1472407846\"\n\t\t\tdata-image-id=\"300\"\n\t\t\tdata-image-name=\"IMG_6349.JPG\"\n\t\t\tdata-title=\"IMG_6349\"\n\t\t\tdata-description=\"\"\n\t\t\t\t\t\t\t\t\t\t\t\t\t\t\tclass=\"ngg-fancybox\" rel=\"a18c6ae8da54c4460f5628b2b8dcd439\">\n\t\t\t\n\t\t\t<img data-image-id='300'\n\t\t\t\ttitle=\"\"\n\t\t\t\talt=\"IMG_6349\"\n\t\t\t\tsrc=\"https:\/\/www.sv-freiendiez.de\/wp-content\/gallery\/koenigschiessen-2016\/IMG_6349.JPG?t=1472407846\"\n\t\t\t\tstyle=\"max-height: 380px;\"\/>\n\t\t<\/a>\n\n\t\t\n\t\t<a href=\"https:\/\/www.sv-freiendiez.de\/wp-content\/gallery\/koenigschiessen-2016\/IMG_6351.JPG?t=1472407846\"\n\t\t\ttitle=\"\"\n\t\t\tdata-src=\"https:\/\/www.sv-freiendiez.de\/wp-content\/gallery\/koenigschiessen-2016\/IMG_6351.JPG?t=1472407846\"\n\t\t\tdata-thumbnail=\"https:\/\/www.sv-freiendiez.de\/wp-content\/gallery\/koenigschiessen-2016\/thumbs\/thumbs_IMG_6351.JPG?t=1472407846\"\n\t\t\tdata-image-id=\"301\"\n\t\t\tdata-image-name=\"IMG_6351.JPG\"\n\t\t\tdata-title=\"IMG_6351\"\n\t\t\tdata-description=\"\"\n\t\t\t\t\t\t\t\t\t\t\t\t\t\t\tclass=\"ngg-fancybox\" rel=\"a18c6ae8da54c4460f5628b2b8dcd439\">\n\t\t\t\n\t\t\t<img data-image-id='301'\n\t\t\t\ttitle=\"\"\n\t\t\t\talt=\"IMG_6351\"\n\t\t\t\tsrc=\"https:\/\/www.sv-freiendiez.de\/wp-content\/gallery\/koenigschiessen-2016\/IMG_6351.JPG?t=1472407846\"\n\t\t\t\tstyle=\"max-height: 380px;\"\/>\n\t\t<\/a>\n\n\t\t\n\t\t<a href=\"https:\/\/www.sv-freiendiez.de\/wp-content\/gallery\/koenigschiessen-2016\/IMG_6353.JPG?t=1472407846\"\n\t\t\ttitle=\"\"\n\t\t\tdata-src=\"https:\/\/www.sv-freiendiez.de\/wp-content\/gallery\/koenigschiessen-2016\/IMG_6353.JPG?t=1472407846\"\n\t\t\tdata-thumbnail=\"https:\/\/www.sv-freiendiez.de\/wp-content\/gallery\/koenigschiessen-2016\/thumbs\/thumbs_IMG_6353.JPG?t=1472407846\"\n\t\t\tdata-image-id=\"302\"\n\t\t\tdata-image-name=\"IMG_6353.JPG\"\n\t\t\tdata-title=\"IMG_6353\"\n\t\t\tdata-description=\"\"\n\t\t\t\t\t\t\t\t\t\t\t\t\t\t\tclass=\"ngg-fancybox\" rel=\"a18c6ae8da54c4460f5628b2b8dcd439\">\n\t\t\t\n\t\t\t<img data-image-id='302'\n\t\t\t\ttitle=\"\"\n\t\t\t\talt=\"IMG_6353\"\n\t\t\t\tsrc=\"https:\/\/www.sv-freiendiez.de\/wp-content\/gallery\/koenigschiessen-2016\/IMG_6353.JPG?t=1472407846\"\n\t\t\t\tstyle=\"max-height: 380px;\"\/>\n\t\t<\/a>\n\n\t\t\n\t\t<a href=\"https:\/\/www.sv-freiendiez.de\/wp-content\/gallery\/koenigschiessen-2016\/IMG_6348.JPG?t=1472407846\"\n\t\t\ttitle=\"\"\n\t\t\tdata-src=\"https:\/\/www.sv-freiendiez.de\/wp-content\/gallery\/koenigschiessen-2016\/IMG_6348.JPG?t=1472407846\"\n\t\t\tdata-thumbnail=\"https:\/\/www.sv-freiendiez.de\/wp-content\/gallery\/koenigschiessen-2016\/thumbs\/thumbs_IMG_6348.JPG?t=1472407846\"\n\t\t\tdata-image-id=\"299\"\n\t\t\tdata-image-name=\"IMG_6348.JPG\"\n\t\t\tdata-title=\"IMG_6348\"\n\t\t\tdata-description=\"\"\n\t\t\t\t\t\t\t\t\t\t\t\t\t\t\tclass=\"ngg-fancybox\" rel=\"a18c6ae8da54c4460f5628b2b8dcd439\">\n\t\t\t\n\t\t\t<img data-image-id='299'\n\t\t\t\ttitle=\"\"\n\t\t\t\talt=\"IMG_6348\"\n\t\t\t\tsrc=\"https:\/\/www.sv-freiendiez.de\/wp-content\/gallery\/koenigschiessen-2016\/IMG_6348.JPG?t=1472407846\"\n\t\t\t\tstyle=\"max-height: 380px;\"\/>\n\t\t<\/a>\n\n\t\t\n\t\t<a href=\"https:\/\/www.sv-freiendiez.de\/wp-content\/gallery\/koenigschiessen-2016\/IMG_6345.JPG?t=1472407846\"\n\t\t\ttitle=\"\"\n\t\t\tdata-src=\"https:\/\/www.sv-freiendiez.de\/wp-content\/gallery\/koenigschiessen-2016\/IMG_6345.JPG?t=1472407846\"\n\t\t\tdata-thumbnail=\"https:\/\/www.sv-freiendiez.de\/wp-content\/gallery\/koenigschiessen-2016\/thumbs\/thumbs_IMG_6345.JPG?t=1472407846\"\n\t\t\tdata-image-id=\"298\"\n\t\t\tdata-image-name=\"IMG_6345.JPG\"\n\t\t\tdata-title=\"IMG_6345\"\n\t\t\tdata-description=\"\"\n\t\t\t\t\t\t\t\t\t\t\t\t\t\t\tclass=\"ngg-fancybox\" rel=\"a18c6ae8da54c4460f5628b2b8dcd439\">\n\t\t\t\n\t\t\t<img data-image-id='298'\n\t\t\t\ttitle=\"\"\n\t\t\t\talt=\"IMG_6345\"\n\t\t\t\tsrc=\"https:\/\/www.sv-freiendiez.de\/wp-content\/gallery\/koenigschiessen-2016\/IMG_6345.JPG?t=1472407846\"\n\t\t\t\tstyle=\"max-height: 380px;\"\/>\n\t\t<\/a>\n\n\t\t\n\t\t<a href=\"https:\/\/www.sv-freiendiez.de\/wp-content\/gallery\/koenigschiessen-2016\/IMG_1498.JPG?t=1472407846\"\n\t\t\ttitle=\"\"\n\t\t\tdata-src=\"https:\/\/www.sv-freiendiez.de\/wp-content\/gallery\/koenigschiessen-2016\/IMG_1498.JPG?t=1472407846\"\n\t\t\tdata-thumbnail=\"https:\/\/www.sv-freiendiez.de\/wp-content\/gallery\/koenigschiessen-2016\/thumbs\/thumbs_IMG_1498.JPG?t=1472407846\"\n\t\t\tdata-image-id=\"289\"\n\t\t\tdata-image-name=\"IMG_1498.JPG\"\n\t\t\tdata-title=\"IMG_1498\"\n\t\t\tdata-description=\"\"\n\t\t\t\t\t\t\t\t\t\t\t\t\t\t\tclass=\"ngg-fancybox\" rel=\"a18c6ae8da54c4460f5628b2b8dcd439\">\n\t\t\t\n\t\t\t<img data-image-id='289'\n\t\t\t\ttitle=\"\"\n\t\t\t\talt=\"IMG_1498\"\n\t\t\t\tsrc=\"https:\/\/www.sv-freiendiez.de\/wp-content\/gallery\/koenigschiessen-2016\/IMG_1498.JPG?t=1472407846\"\n\t\t\t\tstyle=\"max-height: 380px;\"\/>\n\t\t<\/a>\n\n\t\t\n\t\t<a href=\"https:\/\/www.sv-freiendiez.de\/wp-content\/gallery\/koenigschiessen-2016\/IMG_1499.JPG?t=1472407846\"\n\t\t\ttitle=\"\"\n\t\t\tdata-src=\"https:\/\/www.sv-freiendiez.de\/wp-content\/gallery\/koenigschiessen-2016\/IMG_1499.JPG?t=1472407846\"\n\t\t\tdata-thumbnail=\"https:\/\/www.sv-freiendiez.de\/wp-content\/gallery\/koenigschiessen-2016\/thumbs\/thumbs_IMG_1499.JPG?t=1472407846\"\n\t\t\tdata-image-id=\"290\"\n\t\t\tdata-image-name=\"IMG_1499.JPG\"\n\t\t\tdata-title=\"IMG_1499\"\n\t\t\tdata-description=\"\"\n\t\t\t\t\t\t\t\t\t\t\t\t\t\t\tclass=\"ngg-fancybox\" rel=\"a18c6ae8da54c4460f5628b2b8dcd439\">\n\t\t\t\n\t\t\t<img data-image-id='290'\n\t\t\t\ttitle=\"\"\n\t\t\t\talt=\"IMG_1499\"\n\t\t\t\tsrc=\"https:\/\/www.sv-freiendiez.de\/wp-content\/gallery\/koenigschiessen-2016\/IMG_1499.JPG?t=1472407846\"\n\t\t\t\tstyle=\"max-height: 380px;\"\/>\n\t\t<\/a>\n\n\t\t\n\t\t<a href=\"https:\/\/www.sv-freiendiez.de\/wp-content\/gallery\/koenigschiessen-2016\/IMG_1501.JPG?t=1472407846\"\n\t\t\ttitle=\"\"\n\t\t\tdata-src=\"https:\/\/www.sv-freiendiez.de\/wp-content\/gallery\/koenigschiessen-2016\/IMG_1501.JPG?t=1472407846\"\n\t\t\tdata-thumbnail=\"https:\/\/www.sv-freiendiez.de\/wp-content\/gallery\/koenigschiessen-2016\/thumbs\/thumbs_IMG_1501.JPG?t=1472407846\"\n\t\t\tdata-image-id=\"291\"\n\t\t\tdata-image-name=\"IMG_1501.JPG\"\n\t\t\tdata-title=\"IMG_1501\"\n\t\t\tdata-description=\"\"\n\t\t\t\t\t\t\t\t\t\t\t\t\t\t\tclass=\"ngg-fancybox\" rel=\"a18c6ae8da54c4460f5628b2b8dcd439\">\n\t\t\t\n\t\t\t<img data-image-id='291'\n\t\t\t\ttitle=\"\"\n\t\t\t\talt=\"IMG_1501\"\n\t\t\t\tsrc=\"https:\/\/www.sv-freiendiez.de\/wp-content\/gallery\/koenigschiessen-2016\/IMG_1501.JPG?t=1472407846\"\n\t\t\t\tstyle=\"max-height: 380px;\"\/>\n\t\t<\/a>\n\n\t\t\n\t\t<a href=\"https:\/\/www.sv-freiendiez.de\/wp-content\/gallery\/koenigschiessen-2016\/IMG_1502.JPG?t=1472407846\"\n\t\t\ttitle=\"\"\n\t\t\tdata-src=\"https:\/\/www.sv-freiendiez.de\/wp-content\/gallery\/koenigschiessen-2016\/IMG_1502.JPG?t=1472407846\"\n\t\t\tdata-thumbnail=\"https:\/\/www.sv-freiendiez.de\/wp-content\/gallery\/koenigschiessen-2016\/thumbs\/thumbs_IMG_1502.JPG?t=1472407846\"\n\t\t\tdata-image-id=\"292\"\n\t\t\tdata-image-name=\"IMG_1502.JPG\"\n\t\t\tdata-title=\"IMG_1502\"\n\t\t\tdata-description=\"\"\n\t\t\t\t\t\t\t\t\t\t\t\t\t\t\tclass=\"ngg-fancybox\" rel=\"a18c6ae8da54c4460f5628b2b8dcd439\">\n\t\t\t\n\t\t\t<img data-image-id='292'\n\t\t\t\ttitle=\"\"\n\t\t\t\talt=\"IMG_1502\"\n\t\t\t\tsrc=\"https:\/\/www.sv-freiendiez.de\/wp-content\/gallery\/koenigschiessen-2016\/IMG_1502.JPG?t=1472407846\"\n\t\t\t\tstyle=\"max-height: 380px;\"\/>\n\t\t<\/a>\n\n\t\t\n\t\t<a href=\"https:\/\/www.sv-freiendiez.de\/wp-content\/gallery\/koenigschiessen-2016\/IMG_1505.JPG?t=1472407846\"\n\t\t\ttitle=\"\"\n\t\t\tdata-src=\"https:\/\/www.sv-freiendiez.de\/wp-content\/gallery\/koenigschiessen-2016\/IMG_1505.JPG?t=1472407846\"\n\t\t\tdata-thumbnail=\"https:\/\/www.sv-freiendiez.de\/wp-content\/gallery\/koenigschiessen-2016\/thumbs\/thumbs_IMG_1505.JPG?t=1472407846\"\n\t\t\tdata-image-id=\"293\"\n\t\t\tdata-image-name=\"IMG_1505.JPG\"\n\t\t\tdata-title=\"IMG_1505\"\n\t\t\tdata-description=\"\"\n\t\t\t\t\t\t\t\t\t\t\t\t\t\t\tclass=\"ngg-fancybox\" rel=\"a18c6ae8da54c4460f5628b2b8dcd439\">\n\t\t\t\n\t\t\t<img data-image-id='293'\n\t\t\t\ttitle=\"\"\n\t\t\t\talt=\"IMG_1505\"\n\t\t\t\tsrc=\"https:\/\/www.sv-freiendiez.de\/wp-content\/gallery\/koenigschiessen-2016\/IMG_1505.JPG?t=1472407846\"\n\t\t\t\tstyle=\"max-height: 380px;\"\/>\n\t\t<\/a>\n\n\t\t\n\t\t<a href=\"https:\/\/www.sv-freiendiez.de\/wp-content\/gallery\/koenigschiessen-2016\/IMG_1508.JPG?t=1472407846\"\n\t\t\ttitle=\"\"\n\t\t\tdata-src=\"https:\/\/www.sv-freiendiez.de\/wp-content\/gallery\/koenigschiessen-2016\/IMG_1508.JPG?t=1472407846\"\n\t\t\tdata-thumbnail=\"https:\/\/www.sv-freiendiez.de\/wp-content\/gallery\/koenigschiessen-2016\/thumbs\/thumbs_IMG_1508.JPG?t=1472407846\"\n\t\t\tdata-image-id=\"294\"\n\t\t\tdata-image-name=\"IMG_1508.JPG\"\n\t\t\tdata-title=\"IMG_1508\"\n\t\t\tdata-description=\"\"\n\t\t\t\t\t\t\t\t\t\t\t\t\t\t\tclass=\"ngg-fancybox\" rel=\"a18c6ae8da54c4460f5628b2b8dcd439\">\n\t\t\t\n\t\t\t<img data-image-id='294'\n\t\t\t\ttitle=\"\"\n\t\t\t\talt=\"IMG_1508\"\n\t\t\t\tsrc=\"https:\/\/www.sv-freiendiez.de\/wp-content\/gallery\/koenigschiessen-2016\/IMG_1508.JPG?t=1472407846\"\n\t\t\t\tstyle=\"max-height: 380px;\"\/>\n\t\t<\/a>\n\n\t\t\n\t\t<a href=\"https:\/\/www.sv-freiendiez.de\/wp-content\/gallery\/koenigschiessen-2016\/IMG_6354.JPG?t=1472407846\"\n\t\t\ttitle=\"\"\n\t\t\tdata-src=\"https:\/\/www.sv-freiendiez.de\/wp-content\/gallery\/koenigschiessen-2016\/IMG_6354.JPG?t=1472407846\"\n\t\t\tdata-thumbnail=\"https:\/\/www.sv-freiendiez.de\/wp-content\/gallery\/koenigschiessen-2016\/thumbs\/thumbs_IMG_6354.JPG?t=1472407846\"\n\t\t\tdata-image-id=\"303\"\n\t\t\tdata-image-name=\"IMG_6354.JPG\"\n\t\t\tdata-title=\"IMG_6354\"\n\t\t\tdata-description=\"\"\n\t\t\t\t\t\t\t\t\t\t\t\t\t\t\tclass=\"ngg-fancybox\" rel=\"a18c6ae8da54c4460f5628b2b8dcd439\">\n\t\t\t\n\t\t\t<img data-image-id='303'\n\t\t\t\ttitle=\"\"\n\t\t\t\talt=\"IMG_6354\"\n\t\t\t\tsrc=\"https:\/\/www.sv-freiendiez.de\/wp-content\/gallery\/koenigschiessen-2016\/IMG_6354.JPG?t=1472407846\"\n\t\t\t\tstyle=\"max-height: 380px;\"\/>\n\t\t<\/a>\n\n\t\t\n\t\t<a href=\"https:\/\/www.sv-freiendiez.de\/wp-content\/gallery\/koenigschiessen-2016\/IMG_1510.JPG?t=1472407846\"\n\t\t\ttitle=\"\"\n\t\t\tdata-src=\"https:\/\/www.sv-freiendiez.de\/wp-content\/gallery\/koenigschiessen-2016\/IMG_1510.JPG?t=1472407846\"\n\t\t\tdata-thumbnail=\"https:\/\/www.sv-freiendiez.de\/wp-content\/gallery\/koenigschiessen-2016\/thumbs\/thumbs_IMG_1510.JPG?t=1472407846\"\n\t\t\tdata-image-id=\"295\"\n\t\t\tdata-image-name=\"IMG_1510.JPG\"\n\t\t\tdata-title=\"IMG_1510\"\n\t\t\tdata-description=\"\"\n\t\t\t\t\t\t\t\t\t\t\t\t\t\t\tclass=\"ngg-fancybox\" rel=\"a18c6ae8da54c4460f5628b2b8dcd439\">\n\t\t\t\n\t\t\t<img data-image-id='295'\n\t\t\t\ttitle=\"\"\n\t\t\t\talt=\"IMG_1510\"\n\t\t\t\tsrc=\"https:\/\/www.sv-freiendiez.de\/wp-content\/gallery\/koenigschiessen-2016\/IMG_1510.JPG?t=1472407846\"\n\t\t\t\tstyle=\"max-height: 380px;\"\/>\n\t\t<\/a>\n\n\t\t\n\t\t<a href=\"https:\/\/www.sv-freiendiez.de\/wp-content\/gallery\/koenigschiessen-2016\/IMG_1511.JPG?t=1472407846\"\n\t\t\ttitle=\"\"\n\t\t\tdata-src=\"https:\/\/www.sv-freiendiez.de\/wp-content\/gallery\/koenigschiessen-2016\/IMG_1511.JPG?t=1472407846\"\n\t\t\tdata-thumbnail=\"https:\/\/www.sv-freiendiez.de\/wp-content\/gallery\/koenigschiessen-2016\/thumbs\/thumbs_IMG_1511.JPG?t=1472407846\"\n\t\t\tdata-image-id=\"296\"\n\t\t\tdata-image-name=\"IMG_1511.JPG\"\n\t\t\tdata-title=\"IMG_1511\"\n\t\t\tdata-description=\"\"\n\t\t\t\t\t\t\t\t\t\t\t\t\t\t\tclass=\"ngg-fancybox\" rel=\"a18c6ae8da54c4460f5628b2b8dcd439\">\n\t\t\t\n\t\t\t<img data-image-id='296'\n\t\t\t\ttitle=\"\"\n\t\t\t\talt=\"IMG_1511\"\n\t\t\t\tsrc=\"https:\/\/www.sv-freiendiez.de\/wp-content\/gallery\/koenigschiessen-2016\/IMG_1511.JPG?t=1472407846\"\n\t\t\t\tstyle=\"max-height: 380px;\"\/>\n\t\t<\/a>\n\n\t\t\n\t\t<a href=\"https:\/\/www.sv-freiendiez.de\/wp-content\/gallery\/koenigschiessen-2016\/IMG_1512.JPG?t=1472407846\"\n\t\t\ttitle=\"\"\n\t\t\tdata-src=\"https:\/\/www.sv-freiendiez.de\/wp-content\/gallery\/koenigschiessen-2016\/IMG_1512.JPG?t=1472407846\"\n\t\t\tdata-thumbnail=\"https:\/\/www.sv-freiendiez.de\/wp-content\/gallery\/koenigschiessen-2016\/thumbs\/thumbs_IMG_1512.JPG?t=1472407846\"\n\t\t\tdata-image-id=\"297\"\n\t\t\tdata-image-name=\"IMG_1512.JPG\"\n\t\t\tdata-title=\"IMG_1512\"\n\t\t\tdata-description=\"\"\n\t\t\t\t\t\t\t\t\t\t\t\t\t\t\tclass=\"ngg-fancybox\" rel=\"a18c6ae8da54c4460f5628b2b8dcd439\">\n\t\t\t\n\t\t\t<img data-image-id='297'\n\t\t\t\ttitle=\"\"\n\t\t\t\talt=\"IMG_1512\"\n\t\t\t\tsrc=\"https:\/\/www.sv-freiendiez.de\/wp-content\/gallery\/koenigschiessen-2016\/IMG_1512.JPG?t=1472407846\"\n\t\t\t\tstyle=\"max-height: 380px;\"\/>\n\t\t<\/a>\n\n\t\t\n\t\t<a href=\"https:\/\/www.sv-freiendiez.de\/wp-content\/gallery\/koenigschiessen-2016\/sieger.jpg?t=1472407846\"\n\t\t\ttitle=\"Im Bild, von links nach rechts: Holger L\u00f6ber, Alex Schwanke, Gero Bachon, Manfred Sonntag, Peter Bachon, Martin Schleppy\"\n\t\t\tdata-src=\"https:\/\/www.sv-freiendiez.de\/wp-content\/gallery\/koenigschiessen-2016\/sieger.jpg?t=1472407846\"\n\t\t\tdata-thumbnail=\"https:\/\/www.sv-freiendiez.de\/wp-content\/gallery\/koenigschiessen-2016\/thumbs\/thumbs_sieger.jpg?t=1472407846\"\n\t\t\tdata-image-id=\"304\"\n\t\t\tdata-image-name=\"sieger.jpg\"\n\t\t\tdata-title=\"sieger\"\n\t\t\tdata-description=\"Im Bild, von links nach rechts: Holger L\u00f6ber, Alex Schwanke, Gero Bachon, Manfred Sonntag, Peter Bachon, Martin Schleppy\"\n\t\t\t\t\t\t\t\t\t\t\t\t\t\t\tclass=\"ngg-fancybox\" rel=\"a18c6ae8da54c4460f5628b2b8dcd439\">\n\t\t\t\n\t\t\t<img data-image-id='304'\n\t\t\t\ttitle=\"Im Bild, von links nach rechts: Holger L\u00f6ber, Alex Schwanke, Gero Bachon, Manfred Sonntag, Peter Bachon, Martin Schleppy\"\n\t\t\t\talt=\"sieger\"\n\t\t\t\tsrc=\"https:\/\/www.sv-freiendiez.de\/wp-content\/gallery\/koenigschiessen-2016\/sieger.jpg?t=1472407846\"\n\t\t\t\tstyle=\"max-height: 380px;\"\/>\n\t\t<\/a>\n\n\t\t<\/div>\n\n\t\t<!-- Thumbnails Link -->\n\t<div class=\"slideshowlink\" style=\"max-width: 600px;\">\n\t\t<a href='https:\/\/www.sv-freiendiez.de\/index.php\/nggallery\/thumbnails?p=1084'>[Zeige Vorschaubilder]<\/a>\n\t<\/div>\n\n<\/p>\n","protected":false},"excerpt":{"rendered":"<p>\u00dcber eine erfreulich hohe Beteiligung durch Diezer und Freiendiezer B\u00fcrger, konnte sich in diesem Jahr das Team um den 1. Vorsitzenden Berthold Holzenthal und Sportleiter Holger L\u00f6ber, freuen. Angetreten waren 49 Einzelsch\u00fctzen in 11 Mannschaften. Geschossen wurde mit dem Kleinkalibergewehr auf 50 m und elektronischer Auswertanlage, sp\u00e4ter dann in der Einzelwertung auf eine h\u00f6lzerne Ehrenscheibe. &hellip; <\/p>\n<p class=\"link-more\"><a href=\"https:\/\/www.sv-freiendiez.de\/?p=1084\" class=\"more-link\"><span class=\"screen-reader-text\">\u201eTraditionelles B\u00fcrgerschie\u00dfen des Sch\u00fctzenverein Diez &#8211; Freiendiez\u201c<\/span> weiterlesen<\/a><\/p>\n","protected":false},"author":1,"featured_media":0,"comment_status":"closed","ping_status":"closed","sticky":false,"template":"","format":"standard","meta":{"ngg_post_thumbnail":0,"footnotes":""},"categories":[6],"tags":[],"class_list":["post-1084","post","type-post","status-publish","format-standard","hentry","category-veranstaltungen"],"yoast_head":"<!-- This site is optimized with the Yoast SEO plugin v27.5 - https:\/\/yoast.com\/product\/yoast-seo-wordpress\/ -->\n<title>Traditionelles B\u00fcrgerschie\u00dfen des Sch\u00fctzenverein Diez - Freiendiez - SV Diez-Freiendiez 1928 e.V.<\/title>\n<meta name=\"robots\" content=\"index, follow, max-snippet:-1, max-image-preview:large, max-video-preview:-1\" \/>\n<link rel=\"canonical\" href=\"https:\/\/www.sv-freiendiez.de\/?p=1084\" \/>\n<meta property=\"og:locale\" content=\"de_DE\" \/>\n<meta property=\"og:type\" content=\"article\" \/>\n<meta property=\"og:title\" content=\"Traditionelles B\u00fcrgerschie\u00dfen des Sch\u00fctzenverein Diez - Freiendiez - SV Diez-Freiendiez 1928 e.V.\" \/>\n<meta property=\"og:description\" content=\"\u00dcber eine erfreulich hohe Beteiligung durch Diezer und Freiendiezer B\u00fcrger, konnte sich in diesem Jahr das Team um den 1. Vorsitzenden Berthold Holzenthal und Sportleiter Holger L\u00f6ber, freuen. Angetreten waren 49 Einzelsch\u00fctzen in 11 Mannschaften. Geschossen wurde mit dem Kleinkalibergewehr auf 50 m und elektronischer Auswertanlage, sp\u00e4ter dann in der Einzelwertung auf eine h\u00f6lzerne Ehrenscheibe. &hellip; \u201eTraditionelles B\u00fcrgerschie\u00dfen des Sch\u00fctzenverein Diez &#8211; Freiendiez\u201c weiterlesen\" \/>\n<meta property=\"og:url\" content=\"https:\/\/www.sv-freiendiez.de\/?p=1084\" \/>\n<meta property=\"og:site_name\" content=\"SV Diez-Freiendiez 1928 e.V.\" \/>\n<meta property=\"article:publisher\" content=\"https:\/\/www.facebook.com\/svfreiendiez\/\" \/>\n<meta property=\"article:published_time\" content=\"2016-08-28T18:16:44+00:00\" \/>\n<meta property=\"article:modified_time\" content=\"2016-09-14T09:32:06+00:00\" \/>\n<meta property=\"og:image\" content=\"http:\/\/www.sv-freiendiez.de\/wp-content\/uploads\/2016\/08\/sieger-300x226.jpg\" \/>\n<meta name=\"author\" content=\"editor\" \/>\n<meta name=\"twitter:card\" content=\"summary_large_image\" \/>\n<meta name=\"twitter:label1\" content=\"Verfasst von\" \/>\n\t<meta name=\"twitter:data1\" content=\"editor\" \/>\n\t<meta name=\"twitter:label2\" content=\"Gesch\u00e4tzte Lesezeit\" \/>\n\t<meta name=\"twitter:data2\" content=\"1\u00a0Minute\" \/>\n<script type=\"application\/ld+json\" class=\"yoast-schema-graph\">{\"@context\":\"https:\\\/\\\/schema.org\",\"@graph\":[{\"@type\":\"Article\",\"@id\":\"https:\\\/\\\/www.sv-freiendiez.de\\\/?p=1084#article\",\"isPartOf\":{\"@id\":\"https:\\\/\\\/www.sv-freiendiez.de\\\/?p=1084\"},\"author\":{\"name\":\"editor\",\"@id\":\"https:\\\/\\\/www.sv-freiendiez.de\\\/#\\\/schema\\\/person\\\/e506fdcfcb3a8d0b33fb2982e44b9b79\"},\"headline\":\"Traditionelles B\u00fcrgerschie\u00dfen des Sch\u00fctzenverein Diez &#8211; Freiendiez\",\"datePublished\":\"2016-08-28T18:16:44+00:00\",\"dateModified\":\"2016-09-14T09:32:06+00:00\",\"mainEntityOfPage\":{\"@id\":\"https:\\\/\\\/www.sv-freiendiez.de\\\/?p=1084\"},\"wordCount\":201,\"publisher\":{\"@id\":\"https:\\\/\\\/www.sv-freiendiez.de\\\/#organization\"},\"image\":{\"@id\":\"https:\\\/\\\/www.sv-freiendiez.de\\\/?p=1084#primaryimage\"},\"thumbnailUrl\":\"http:\\\/\\\/www.sv-freiendiez.de\\\/wp-content\\\/uploads\\\/2016\\\/08\\\/sieger-300x226.jpg\",\"articleSection\":[\"Veranstaltungen\"],\"inLanguage\":\"de\"},{\"@type\":\"WebPage\",\"@id\":\"https:\\\/\\\/www.sv-freiendiez.de\\\/?p=1084\",\"url\":\"https:\\\/\\\/www.sv-freiendiez.de\\\/?p=1084\",\"name\":\"Traditionelles B\u00fcrgerschie\u00dfen des Sch\u00fctzenverein Diez - Freiendiez - SV Diez-Freiendiez 1928 e.V.\",\"isPartOf\":{\"@id\":\"https:\\\/\\\/www.sv-freiendiez.de\\\/#website\"},\"primaryImageOfPage\":{\"@id\":\"https:\\\/\\\/www.sv-freiendiez.de\\\/?p=1084#primaryimage\"},\"image\":{\"@id\":\"https:\\\/\\\/www.sv-freiendiez.de\\\/?p=1084#primaryimage\"},\"thumbnailUrl\":\"http:\\\/\\\/www.sv-freiendiez.de\\\/wp-content\\\/uploads\\\/2016\\\/08\\\/sieger-300x226.jpg\",\"datePublished\":\"2016-08-28T18:16:44+00:00\",\"dateModified\":\"2016-09-14T09:32:06+00:00\",\"breadcrumb\":{\"@id\":\"https:\\\/\\\/www.sv-freiendiez.de\\\/?p=1084#breadcrumb\"},\"inLanguage\":\"de\",\"potentialAction\":[{\"@type\":\"ReadAction\",\"target\":[\"https:\\\/\\\/www.sv-freiendiez.de\\\/?p=1084\"]}]},{\"@type\":\"ImageObject\",\"inLanguage\":\"de\",\"@id\":\"https:\\\/\\\/www.sv-freiendiez.de\\\/?p=1084#primaryimage\",\"url\":\"https:\\\/\\\/www.sv-freiendiez.de\\\/wp-content\\\/uploads\\\/2016\\\/08\\\/sieger.jpg\",\"contentUrl\":\"https:\\\/\\\/www.sv-freiendiez.de\\\/wp-content\\\/uploads\\\/2016\\\/08\\\/sieger.jpg\",\"width\":537,\"height\":404,\"caption\":\"Von links nach rechts: Holger L\u00f6ber, Alex Schwanke, Gero Bachon, Manfred Sonntag, Peter Bachon, Martin Schleppy\"},{\"@type\":\"BreadcrumbList\",\"@id\":\"https:\\\/\\\/www.sv-freiendiez.de\\\/?p=1084#breadcrumb\",\"itemListElement\":[{\"@type\":\"ListItem\",\"position\":1,\"name\":\"Startseite\",\"item\":\"https:\\\/\\\/www.sv-freiendiez.de\\\/\"},{\"@type\":\"ListItem\",\"position\":2,\"name\":\"Traditionelles B\u00fcrgerschie\u00dfen des Sch\u00fctzenverein Diez &#8211; Freiendiez\"}]},{\"@type\":\"WebSite\",\"@id\":\"https:\\\/\\\/www.sv-freiendiez.de\\\/#website\",\"url\":\"https:\\\/\\\/www.sv-freiendiez.de\\\/\",\"name\":\"SV Diez-Freiendiez 1928 e.V.\",\"description\":\"Sch\u00fctzenverein Diez-Freiendiez 1928 e.V.\",\"publisher\":{\"@id\":\"https:\\\/\\\/www.sv-freiendiez.de\\\/#organization\"},\"potentialAction\":[{\"@type\":\"SearchAction\",\"target\":{\"@type\":\"EntryPoint\",\"urlTemplate\":\"https:\\\/\\\/www.sv-freiendiez.de\\\/?s={search_term_string}\"},\"query-input\":{\"@type\":\"PropertyValueSpecification\",\"valueRequired\":true,\"valueName\":\"search_term_string\"}}],\"inLanguage\":\"de\"},{\"@type\":\"Organization\",\"@id\":\"https:\\\/\\\/www.sv-freiendiez.de\\\/#organization\",\"name\":\"SV Diez-Freiendiez 1928 e.V.\",\"url\":\"https:\\\/\\\/www.sv-freiendiez.de\\\/\",\"logo\":{\"@type\":\"ImageObject\",\"inLanguage\":\"de\",\"@id\":\"https:\\\/\\\/www.sv-freiendiez.de\\\/#\\\/schema\\\/logo\\\/image\\\/\",\"url\":\"https:\\\/\\\/www.sv-freiendiez.de\\\/wp-content\\\/uploads\\\/2016\\\/12\\\/cropped-wappen250.png\",\"contentUrl\":\"https:\\\/\\\/www.sv-freiendiez.de\\\/wp-content\\\/uploads\\\/2016\\\/12\\\/cropped-wappen250.png\",\"width\":250,\"height\":250,\"caption\":\"SV Diez-Freiendiez 1928 e.V.\"},\"image\":{\"@id\":\"https:\\\/\\\/www.sv-freiendiez.de\\\/#\\\/schema\\\/logo\\\/image\\\/\"},\"sameAs\":[\"https:\\\/\\\/www.facebook.com\\\/svfreiendiez\\\/\"]},{\"@type\":\"Person\",\"@id\":\"https:\\\/\\\/www.sv-freiendiez.de\\\/#\\\/schema\\\/person\\\/e506fdcfcb3a8d0b33fb2982e44b9b79\",\"name\":\"editor\",\"image\":{\"@type\":\"ImageObject\",\"inLanguage\":\"de\",\"@id\":\"https:\\\/\\\/secure.gravatar.com\\\/avatar\\\/2e61a0e3091a1495360fb924e613dd25bace1d4a95a687bd9add8c68191636ff?s=96&d=mm&r=g\",\"url\":\"https:\\\/\\\/secure.gravatar.com\\\/avatar\\\/2e61a0e3091a1495360fb924e613dd25bace1d4a95a687bd9add8c68191636ff?s=96&d=mm&r=g\",\"contentUrl\":\"https:\\\/\\\/secure.gravatar.com\\\/avatar\\\/2e61a0e3091a1495360fb924e613dd25bace1d4a95a687bd9add8c68191636ff?s=96&d=mm&r=g\",\"caption\":\"editor\"},\"url\":\"https:\\\/\\\/www.sv-freiendiez.de\\\/?author=1\"}]}<\/script>\n<!-- \/ Yoast SEO plugin. -->","yoast_head_json":{"title":"Traditionelles B\u00fcrgerschie\u00dfen des Sch\u00fctzenverein Diez - Freiendiez - SV Diez-Freiendiez 1928 e.V.","robots":{"index":"index","follow":"follow","max-snippet":"max-snippet:-1","max-image-preview":"max-image-preview:large","max-video-preview":"max-video-preview:-1"},"canonical":"https:\/\/www.sv-freiendiez.de\/?p=1084","og_locale":"de_DE","og_type":"article","og_title":"Traditionelles B\u00fcrgerschie\u00dfen des Sch\u00fctzenverein Diez - Freiendiez - SV Diez-Freiendiez 1928 e.V.","og_description":"\u00dcber eine erfreulich hohe Beteiligung durch Diezer und Freiendiezer B\u00fcrger, konnte sich in diesem Jahr das Team um den 1. Vorsitzenden Berthold Holzenthal und Sportleiter Holger L\u00f6ber, freuen. Angetreten waren 49 Einzelsch\u00fctzen in 11 Mannschaften. Geschossen wurde mit dem Kleinkalibergewehr auf 50 m und elektronischer Auswertanlage, sp\u00e4ter dann in der Einzelwertung auf eine h\u00f6lzerne Ehrenscheibe. &hellip; \u201eTraditionelles B\u00fcrgerschie\u00dfen des Sch\u00fctzenverein Diez &#8211; Freiendiez\u201c weiterlesen","og_url":"https:\/\/www.sv-freiendiez.de\/?p=1084","og_site_name":"SV Diez-Freiendiez 1928 e.V.","article_publisher":"https:\/\/www.facebook.com\/svfreiendiez\/","article_published_time":"2016-08-28T18:16:44+00:00","article_modified_time":"2016-09-14T09:32:06+00:00","og_image":[{"url":"http:\/\/www.sv-freiendiez.de\/wp-content\/uploads\/2016\/08\/sieger-300x226.jpg","type":"","width":"","height":""}],"author":"editor","twitter_card":"summary_large_image","twitter_misc":{"Verfasst von":"editor","Gesch\u00e4tzte Lesezeit":"1\u00a0Minute"},"schema":{"@context":"https:\/\/schema.org","@graph":[{"@type":"Article","@id":"https:\/\/www.sv-freiendiez.de\/?p=1084#article","isPartOf":{"@id":"https:\/\/www.sv-freiendiez.de\/?p=1084"},"author":{"name":"editor","@id":"https:\/\/www.sv-freiendiez.de\/#\/schema\/person\/e506fdcfcb3a8d0b33fb2982e44b9b79"},"headline":"Traditionelles B\u00fcrgerschie\u00dfen des Sch\u00fctzenverein Diez &#8211; Freiendiez","datePublished":"2016-08-28T18:16:44+00:00","dateModified":"2016-09-14T09:32:06+00:00","mainEntityOfPage":{"@id":"https:\/\/www.sv-freiendiez.de\/?p=1084"},"wordCount":201,"publisher":{"@id":"https:\/\/www.sv-freiendiez.de\/#organization"},"image":{"@id":"https:\/\/www.sv-freiendiez.de\/?p=1084#primaryimage"},"thumbnailUrl":"http:\/\/www.sv-freiendiez.de\/wp-content\/uploads\/2016\/08\/sieger-300x226.jpg","articleSection":["Veranstaltungen"],"inLanguage":"de"},{"@type":"WebPage","@id":"https:\/\/www.sv-freiendiez.de\/?p=1084","url":"https:\/\/www.sv-freiendiez.de\/?p=1084","name":"Traditionelles B\u00fcrgerschie\u00dfen des Sch\u00fctzenverein Diez - Freiendiez - SV Diez-Freiendiez 1928 e.V.","isPartOf":{"@id":"https:\/\/www.sv-freiendiez.de\/#website"},"primaryImageOfPage":{"@id":"https:\/\/www.sv-freiendiez.de\/?p=1084#primaryimage"},"image":{"@id":"https:\/\/www.sv-freiendiez.de\/?p=1084#primaryimage"},"thumbnailUrl":"http:\/\/www.sv-freiendiez.de\/wp-content\/uploads\/2016\/08\/sieger-300x226.jpg","datePublished":"2016-08-28T18:16:44+00:00","dateModified":"2016-09-14T09:32:06+00:00","breadcrumb":{"@id":"https:\/\/www.sv-freiendiez.de\/?p=1084#breadcrumb"},"inLanguage":"de","potentialAction":[{"@type":"ReadAction","target":["https:\/\/www.sv-freiendiez.de\/?p=1084"]}]},{"@type":"ImageObject","inLanguage":"de","@id":"https:\/\/www.sv-freiendiez.de\/?p=1084#primaryimage","url":"https:\/\/www.sv-freiendiez.de\/wp-content\/uploads\/2016\/08\/sieger.jpg","contentUrl":"https:\/\/www.sv-freiendiez.de\/wp-content\/uploads\/2016\/08\/sieger.jpg","width":537,"height":404,"caption":"Von links nach rechts: Holger L\u00f6ber, Alex Schwanke, Gero Bachon, Manfred Sonntag, Peter Bachon, Martin Schleppy"},{"@type":"BreadcrumbList","@id":"https:\/\/www.sv-freiendiez.de\/?p=1084#breadcrumb","itemListElement":[{"@type":"ListItem","position":1,"name":"Startseite","item":"https:\/\/www.sv-freiendiez.de\/"},{"@type":"ListItem","position":2,"name":"Traditionelles B\u00fcrgerschie\u00dfen des Sch\u00fctzenverein Diez &#8211; Freiendiez"}]},{"@type":"WebSite","@id":"https:\/\/www.sv-freiendiez.de\/#website","url":"https:\/\/www.sv-freiendiez.de\/","name":"SV Diez-Freiendiez 1928 e.V.","description":"Sch\u00fctzenverein Diez-Freiendiez 1928 e.V.","publisher":{"@id":"https:\/\/www.sv-freiendiez.de\/#organization"},"potentialAction":[{"@type":"SearchAction","target":{"@type":"EntryPoint","urlTemplate":"https:\/\/www.sv-freiendiez.de\/?s={search_term_string}"},"query-input":{"@type":"PropertyValueSpecification","valueRequired":true,"valueName":"search_term_string"}}],"inLanguage":"de"},{"@type":"Organization","@id":"https:\/\/www.sv-freiendiez.de\/#organization","name":"SV Diez-Freiendiez 1928 e.V.","url":"https:\/\/www.sv-freiendiez.de\/","logo":{"@type":"ImageObject","inLanguage":"de","@id":"https:\/\/www.sv-freiendiez.de\/#\/schema\/logo\/image\/","url":"https:\/\/www.sv-freiendiez.de\/wp-content\/uploads\/2016\/12\/cropped-wappen250.png","contentUrl":"https:\/\/www.sv-freiendiez.de\/wp-content\/uploads\/2016\/12\/cropped-wappen250.png","width":250,"height":250,"caption":"SV Diez-Freiendiez 1928 e.V."},"image":{"@id":"https:\/\/www.sv-freiendiez.de\/#\/schema\/logo\/image\/"},"sameAs":["https:\/\/www.facebook.com\/svfreiendiez\/"]},{"@type":"Person","@id":"https:\/\/www.sv-freiendiez.de\/#\/schema\/person\/e506fdcfcb3a8d0b33fb2982e44b9b79","name":"editor","image":{"@type":"ImageObject","inLanguage":"de","@id":"https:\/\/secure.gravatar.com\/avatar\/2e61a0e3091a1495360fb924e613dd25bace1d4a95a687bd9add8c68191636ff?s=96&d=mm&r=g","url":"https:\/\/secure.gravatar.com\/avatar\/2e61a0e3091a1495360fb924e613dd25bace1d4a95a687bd9add8c68191636ff?s=96&d=mm&r=g","contentUrl":"https:\/\/secure.gravatar.com\/avatar\/2e61a0e3091a1495360fb924e613dd25bace1d4a95a687bd9add8c68191636ff?s=96&d=mm&r=g","caption":"editor"},"url":"https:\/\/www.sv-freiendiez.de\/?author=1"}]}},"_links":{"self":[{"href":"https:\/\/www.sv-freiendiez.de\/index.php?rest_route=\/wp\/v2\/posts\/1084","targetHints":{"allow":["GET"]}}],"collection":[{"href":"https:\/\/www.sv-freiendiez.de\/index.php?rest_route=\/wp\/v2\/posts"}],"about":[{"href":"https:\/\/www.sv-freiendiez.de\/index.php?rest_route=\/wp\/v2\/types\/post"}],"author":[{"embeddable":true,"href":"https:\/\/www.sv-freiendiez.de\/index.php?rest_route=\/wp\/v2\/users\/1"}],"replies":[{"embeddable":true,"href":"https:\/\/www.sv-freiendiez.de\/index.php?rest_route=%2Fwp%2Fv2%2Fcomments&post=1084"}],"version-history":[{"count":0,"href":"https:\/\/www.sv-freiendiez.de\/index.php?rest_route=\/wp\/v2\/posts\/1084\/revisions"}],"wp:attachment":[{"href":"https:\/\/www.sv-freiendiez.de\/index.php?rest_route=%2Fwp%2Fv2%2Fmedia&parent=1084"}],"wp:term":[{"taxonomy":"category","embeddable":true,"href":"https:\/\/www.sv-freiendiez.de\/index.php?rest_route=%2Fwp%2Fv2%2Fcategories&post=1084"},{"taxonomy":"post_tag","embeddable":true,"href":"https:\/\/www.sv-freiendiez.de\/index.php?rest_route=%2Fwp%2Fv2%2Ftags&post=1084"}],"curies":[{"name":"wp","href":"https:\/\/api.w.org\/{rel}","templated":true}]}}