{"id":1022,"date":"2016-08-22T22:21:28","date_gmt":"2016-08-22T20:21:28","guid":{"rendered":"http:\/\/www.sv-freiendiez.de\/?p=1022"},"modified":"2016-09-14T11:35:34","modified_gmt":"2016-09-14T09:35:34","slug":"vereins-koenigsschiessen","status":"publish","type":"post","link":"https:\/\/www.sv-freiendiez.de\/?p=1022","title":{"rendered":"Vereins-K\u00f6nigsschie\u00dfen"},"content":{"rendered":"<figure id=\"attachment_431\" aria-describedby=\"caption-attachment-431\" style=\"width: 300px\" class=\"wp-caption alignleft\"><img loading=\"lazy\" decoding=\"async\" class=\"size-medium wp-image-431\" src=\"http:\/\/www.sv-freiendiez.de\/wp-content\/uploads\/2015\/09\/IMG_1125-300x200.jpg\" alt=\"Die strahlenden Sieger des Vorjahres. Links das Team der Kirmesburschen Freiendiez und rechts der B\u00fcrgerk\u00f6nik Florian Sch\u00f6lken. (C) SV Diez-Freiendiez\" width=\"300\" height=\"200\" srcset=\"https:\/\/www.sv-freiendiez.de\/wp-content\/uploads\/2015\/09\/IMG_1125-300x200.jpg 300w, https:\/\/www.sv-freiendiez.de\/wp-content\/uploads\/2015\/09\/IMG_1125-1024x683.jpg 1024w, https:\/\/www.sv-freiendiez.de\/wp-content\/uploads\/2015\/09\/IMG_1125-450x300.jpg 450w, https:\/\/www.sv-freiendiez.de\/wp-content\/uploads\/2015\/09\/IMG_1125.jpg 1806w\" sizes=\"auto, (max-width: 300px) 100vw, 300px\" \/><figcaption id=\"caption-attachment-431\" class=\"wp-caption-text\">Die strahlenden Sieger des Vorjahres. Links das Team der Kirmesburschen Freiendiez und rechts der B\u00fcrgerk\u00f6nik Florian Sch\u00f6lken.<br \/>(C) SV Diez-Freiendiez<\/figcaption><\/figure>\n<p style=\"text-align: justify;\">Am kommenden Sonntag, dem 28. Auguist 2016, werden wir zum wiederholten Male in unserem Sch\u00fctzenhaus am W\u00e4sserweg in Diez-Freiendiez unser j\u00e4hrliches Vereins-K\u00f6nigschie\u00dfen veranstalten. Alle Vereine aus DIez und Umgebung sind eingeladen, mit einer Abordnung daran teilzunehmen. Wir bitte um eine vorherige Anmeldung \u00fcber unser Kontaktformular auf dieser Webseite oder direkt per Telefon \u00fcber unseren Vereinsvorsitzenden Berthold Holzenthal (siehe Impressum).<\/p>\n","protected":false},"excerpt":{"rendered":"<p>Am kommenden Sonntag, dem 28. Auguist 2016, werden wir zum wiederholten Male in unserem Sch\u00fctzenhaus am W\u00e4sserweg in Diez-Freiendiez unser j\u00e4hrliches Vereins-K\u00f6nigschie\u00dfen veranstalten. Alle Vereine aus DIez und Umgebung sind eingeladen, mit einer Abordnung daran teilzunehmen. Wir bitte um eine vorherige Anmeldung \u00fcber unser Kontaktformular auf dieser Webseite oder direkt per Telefon \u00fcber unseren Vereinsvorsitzenden &hellip; <\/p>\n<p class=\"link-more\"><a href=\"https:\/\/www.sv-freiendiez.de\/?p=1022\" class=\"more-link\"><span class=\"screen-reader-text\">\u201eVereins-K\u00f6nigsschie\u00dfen\u201c<\/span> weiterlesen<\/a><\/p>\n","protected":false},"author":1,"featured_media":0,"comment_status":"closed","ping_status":"closed","sticky":false,"template":"","format":"standard","meta":{"ngg_post_thumbnail":0,"footnotes":""},"categories":[6],"tags":[],"class_list":["post-1022","post","type-post","status-publish","format-standard","hentry","category-veranstaltungen"],"yoast_head":"<!-- This site is optimized with the Yoast SEO plugin v27.5 - https:\/\/yoast.com\/product\/yoast-seo-wordpress\/ -->\n<title>Vereins-K\u00f6nigsschie\u00dfen - SV Diez-Freiendiez 1928 e.V.<\/title>\n<meta name=\"robots\" content=\"index, follow, max-snippet:-1, max-image-preview:large, max-video-preview:-1\" \/>\n<link rel=\"canonical\" href=\"https:\/\/www.sv-freiendiez.de\/?p=1022\" \/>\n<meta property=\"og:locale\" content=\"de_DE\" \/>\n<meta property=\"og:type\" content=\"article\" \/>\n<meta property=\"og:title\" content=\"Vereins-K\u00f6nigsschie\u00dfen - SV Diez-Freiendiez 1928 e.V.\" \/>\n<meta property=\"og:description\" content=\"Am kommenden Sonntag, dem 28. Auguist 2016, werden wir zum wiederholten Male in unserem Sch\u00fctzenhaus am W\u00e4sserweg in Diez-Freiendiez unser j\u00e4hrliches Vereins-K\u00f6nigschie\u00dfen veranstalten. Alle Vereine aus DIez und Umgebung sind eingeladen, mit einer Abordnung daran teilzunehmen. Wir bitte um eine vorherige Anmeldung \u00fcber unser Kontaktformular auf dieser Webseite oder direkt per Telefon \u00fcber unseren Vereinsvorsitzenden &hellip; \u201eVereins-K\u00f6nigsschie\u00dfen\u201c weiterlesen\" \/>\n<meta property=\"og:url\" content=\"https:\/\/www.sv-freiendiez.de\/?p=1022\" \/>\n<meta property=\"og:site_name\" content=\"SV Diez-Freiendiez 1928 e.V.\" \/>\n<meta property=\"article:publisher\" content=\"https:\/\/www.facebook.com\/svfreiendiez\/\" \/>\n<meta property=\"article:published_time\" content=\"2016-08-22T20:21:28+00:00\" \/>\n<meta property=\"article:modified_time\" content=\"2016-09-14T09:35:34+00:00\" \/>\n<meta property=\"og:image\" content=\"http:\/\/www.sv-freiendiez.de\/wp-content\/uploads\/2015\/09\/IMG_1125-300x200.jpg\" \/>\n<meta name=\"author\" content=\"editor\" \/>\n<meta name=\"twitter:card\" content=\"summary_large_image\" \/>\n<meta name=\"twitter:label1\" content=\"Verfasst von\" \/>\n\t<meta name=\"twitter:data1\" content=\"editor\" \/>\n<script type=\"application\/ld+json\" class=\"yoast-schema-graph\">{\"@context\":\"https:\\\/\\\/schema.org\",\"@graph\":[{\"@type\":\"Article\",\"@id\":\"https:\\\/\\\/www.sv-freiendiez.de\\\/?p=1022#article\",\"isPartOf\":{\"@id\":\"https:\\\/\\\/www.sv-freiendiez.de\\\/?p=1022\"},\"author\":{\"name\":\"editor\",\"@id\":\"https:\\\/\\\/www.sv-freiendiez.de\\\/#\\\/schema\\\/person\\\/e506fdcfcb3a8d0b33fb2982e44b9b79\"},\"headline\":\"Vereins-K\u00f6nigsschie\u00dfen\",\"datePublished\":\"2016-08-22T20:21:28+00:00\",\"dateModified\":\"2016-09-14T09:35:34+00:00\",\"mainEntityOfPage\":{\"@id\":\"https:\\\/\\\/www.sv-freiendiez.de\\\/?p=1022\"},\"wordCount\":95,\"publisher\":{\"@id\":\"https:\\\/\\\/www.sv-freiendiez.de\\\/#organization\"},\"image\":{\"@id\":\"https:\\\/\\\/www.sv-freiendiez.de\\\/?p=1022#primaryimage\"},\"thumbnailUrl\":\"http:\\\/\\\/www.sv-freiendiez.de\\\/wp-content\\\/uploads\\\/2015\\\/09\\\/IMG_1125-300x200.jpg\",\"articleSection\":[\"Veranstaltungen\"],\"inLanguage\":\"de\"},{\"@type\":\"WebPage\",\"@id\":\"https:\\\/\\\/www.sv-freiendiez.de\\\/?p=1022\",\"url\":\"https:\\\/\\\/www.sv-freiendiez.de\\\/?p=1022\",\"name\":\"Vereins-K\u00f6nigsschie\u00dfen - SV Diez-Freiendiez 1928 e.V.\",\"isPartOf\":{\"@id\":\"https:\\\/\\\/www.sv-freiendiez.de\\\/#website\"},\"primaryImageOfPage\":{\"@id\":\"https:\\\/\\\/www.sv-freiendiez.de\\\/?p=1022#primaryimage\"},\"image\":{\"@id\":\"https:\\\/\\\/www.sv-freiendiez.de\\\/?p=1022#primaryimage\"},\"thumbnailUrl\":\"http:\\\/\\\/www.sv-freiendiez.de\\\/wp-content\\\/uploads\\\/2015\\\/09\\\/IMG_1125-300x200.jpg\",\"datePublished\":\"2016-08-22T20:21:28+00:00\",\"dateModified\":\"2016-09-14T09:35:34+00:00\",\"breadcrumb\":{\"@id\":\"https:\\\/\\\/www.sv-freiendiez.de\\\/?p=1022#breadcrumb\"},\"inLanguage\":\"de\",\"potentialAction\":[{\"@type\":\"ReadAction\",\"target\":[\"https:\\\/\\\/www.sv-freiendiez.de\\\/?p=1022\"]}]},{\"@type\":\"ImageObject\",\"inLanguage\":\"de\",\"@id\":\"https:\\\/\\\/www.sv-freiendiez.de\\\/?p=1022#primaryimage\",\"url\":\"https:\\\/\\\/www.sv-freiendiez.de\\\/wp-content\\\/uploads\\\/2015\\\/09\\\/IMG_1125.jpg\",\"contentUrl\":\"https:\\\/\\\/www.sv-freiendiez.de\\\/wp-content\\\/uploads\\\/2015\\\/09\\\/IMG_1125.jpg\",\"width\":1806,\"height\":1204,\"caption\":\"Die strahlenden Sieger des Vorjahres. Links das Team der Kirmesburschen Freiendiez und rechts der B\u00fcrgerk\u00f6nik Florian Sch\u00f6lken. (C) SV Diez-Freiendiez\"},{\"@type\":\"BreadcrumbList\",\"@id\":\"https:\\\/\\\/www.sv-freiendiez.de\\\/?p=1022#breadcrumb\",\"itemListElement\":[{\"@type\":\"ListItem\",\"position\":1,\"name\":\"Startseite\",\"item\":\"https:\\\/\\\/www.sv-freiendiez.de\\\/\"},{\"@type\":\"ListItem\",\"position\":2,\"name\":\"Vereins-K\u00f6nigsschie\u00dfen\"}]},{\"@type\":\"WebSite\",\"@id\":\"https:\\\/\\\/www.sv-freiendiez.de\\\/#website\",\"url\":\"https:\\\/\\\/www.sv-freiendiez.de\\\/\",\"name\":\"SV Diez-Freiendiez 1928 e.V.\",\"description\":\"Sch\u00fctzenverein Diez-Freiendiez 1928 e.V.\",\"publisher\":{\"@id\":\"https:\\\/\\\/www.sv-freiendiez.de\\\/#organization\"},\"potentialAction\":[{\"@type\":\"SearchAction\",\"target\":{\"@type\":\"EntryPoint\",\"urlTemplate\":\"https:\\\/\\\/www.sv-freiendiez.de\\\/?s={search_term_string}\"},\"query-input\":{\"@type\":\"PropertyValueSpecification\",\"valueRequired\":true,\"valueName\":\"search_term_string\"}}],\"inLanguage\":\"de\"},{\"@type\":\"Organization\",\"@id\":\"https:\\\/\\\/www.sv-freiendiez.de\\\/#organization\",\"name\":\"SV Diez-Freiendiez 1928 e.V.\",\"url\":\"https:\\\/\\\/www.sv-freiendiez.de\\\/\",\"logo\":{\"@type\":\"ImageObject\",\"inLanguage\":\"de\",\"@id\":\"https:\\\/\\\/www.sv-freiendiez.de\\\/#\\\/schema\\\/logo\\\/image\\\/\",\"url\":\"https:\\\/\\\/www.sv-freiendiez.de\\\/wp-content\\\/uploads\\\/2016\\\/12\\\/cropped-wappen250.png\",\"contentUrl\":\"https:\\\/\\\/www.sv-freiendiez.de\\\/wp-content\\\/uploads\\\/2016\\\/12\\\/cropped-wappen250.png\",\"width\":250,\"height\":250,\"caption\":\"SV Diez-Freiendiez 1928 e.V.\"},\"image\":{\"@id\":\"https:\\\/\\\/www.sv-freiendiez.de\\\/#\\\/schema\\\/logo\\\/image\\\/\"},\"sameAs\":[\"https:\\\/\\\/www.facebook.com\\\/svfreiendiez\\\/\"]},{\"@type\":\"Person\",\"@id\":\"https:\\\/\\\/www.sv-freiendiez.de\\\/#\\\/schema\\\/person\\\/e506fdcfcb3a8d0b33fb2982e44b9b79\",\"name\":\"editor\",\"image\":{\"@type\":\"ImageObject\",\"inLanguage\":\"de\",\"@id\":\"https:\\\/\\\/secure.gravatar.com\\\/avatar\\\/2e61a0e3091a1495360fb924e613dd25bace1d4a95a687bd9add8c68191636ff?s=96&d=mm&r=g\",\"url\":\"https:\\\/\\\/secure.gravatar.com\\\/avatar\\\/2e61a0e3091a1495360fb924e613dd25bace1d4a95a687bd9add8c68191636ff?s=96&d=mm&r=g\",\"contentUrl\":\"https:\\\/\\\/secure.gravatar.com\\\/avatar\\\/2e61a0e3091a1495360fb924e613dd25bace1d4a95a687bd9add8c68191636ff?s=96&d=mm&r=g\",\"caption\":\"editor\"},\"url\":\"https:\\\/\\\/www.sv-freiendiez.de\\\/?author=1\"}]}<\/script>\n<!-- \/ Yoast SEO plugin. -->","yoast_head_json":{"title":"Vereins-K\u00f6nigsschie\u00dfen - SV Diez-Freiendiez 1928 e.V.","robots":{"index":"index","follow":"follow","max-snippet":"max-snippet:-1","max-image-preview":"max-image-preview:large","max-video-preview":"max-video-preview:-1"},"canonical":"https:\/\/www.sv-freiendiez.de\/?p=1022","og_locale":"de_DE","og_type":"article","og_title":"Vereins-K\u00f6nigsschie\u00dfen - SV Diez-Freiendiez 1928 e.V.","og_description":"Am kommenden Sonntag, dem 28. Auguist 2016, werden wir zum wiederholten Male in unserem Sch\u00fctzenhaus am W\u00e4sserweg in Diez-Freiendiez unser j\u00e4hrliches Vereins-K\u00f6nigschie\u00dfen veranstalten. Alle Vereine aus DIez und Umgebung sind eingeladen, mit einer Abordnung daran teilzunehmen. Wir bitte um eine vorherige Anmeldung \u00fcber unser Kontaktformular auf dieser Webseite oder direkt per Telefon \u00fcber unseren Vereinsvorsitzenden &hellip; \u201eVereins-K\u00f6nigsschie\u00dfen\u201c weiterlesen","og_url":"https:\/\/www.sv-freiendiez.de\/?p=1022","og_site_name":"SV Diez-Freiendiez 1928 e.V.","article_publisher":"https:\/\/www.facebook.com\/svfreiendiez\/","article_published_time":"2016-08-22T20:21:28+00:00","article_modified_time":"2016-09-14T09:35:34+00:00","og_image":[{"url":"http:\/\/www.sv-freiendiez.de\/wp-content\/uploads\/2015\/09\/IMG_1125-300x200.jpg","type":"","width":"","height":""}],"author":"editor","twitter_card":"summary_large_image","twitter_misc":{"Verfasst von":"editor"},"schema":{"@context":"https:\/\/schema.org","@graph":[{"@type":"Article","@id":"https:\/\/www.sv-freiendiez.de\/?p=1022#article","isPartOf":{"@id":"https:\/\/www.sv-freiendiez.de\/?p=1022"},"author":{"name":"editor","@id":"https:\/\/www.sv-freiendiez.de\/#\/schema\/person\/e506fdcfcb3a8d0b33fb2982e44b9b79"},"headline":"Vereins-K\u00f6nigsschie\u00dfen","datePublished":"2016-08-22T20:21:28+00:00","dateModified":"2016-09-14T09:35:34+00:00","mainEntityOfPage":{"@id":"https:\/\/www.sv-freiendiez.de\/?p=1022"},"wordCount":95,"publisher":{"@id":"https:\/\/www.sv-freiendiez.de\/#organization"},"image":{"@id":"https:\/\/www.sv-freiendiez.de\/?p=1022#primaryimage"},"thumbnailUrl":"http:\/\/www.sv-freiendiez.de\/wp-content\/uploads\/2015\/09\/IMG_1125-300x200.jpg","articleSection":["Veranstaltungen"],"inLanguage":"de"},{"@type":"WebPage","@id":"https:\/\/www.sv-freiendiez.de\/?p=1022","url":"https:\/\/www.sv-freiendiez.de\/?p=1022","name":"Vereins-K\u00f6nigsschie\u00dfen - SV Diez-Freiendiez 1928 e.V.","isPartOf":{"@id":"https:\/\/www.sv-freiendiez.de\/#website"},"primaryImageOfPage":{"@id":"https:\/\/www.sv-freiendiez.de\/?p=1022#primaryimage"},"image":{"@id":"https:\/\/www.sv-freiendiez.de\/?p=1022#primaryimage"},"thumbnailUrl":"http:\/\/www.sv-freiendiez.de\/wp-content\/uploads\/2015\/09\/IMG_1125-300x200.jpg","datePublished":"2016-08-22T20:21:28+00:00","dateModified":"2016-09-14T09:35:34+00:00","breadcrumb":{"@id":"https:\/\/www.sv-freiendiez.de\/?p=1022#breadcrumb"},"inLanguage":"de","potentialAction":[{"@type":"ReadAction","target":["https:\/\/www.sv-freiendiez.de\/?p=1022"]}]},{"@type":"ImageObject","inLanguage":"de","@id":"https:\/\/www.sv-freiendiez.de\/?p=1022#primaryimage","url":"https:\/\/www.sv-freiendiez.de\/wp-content\/uploads\/2015\/09\/IMG_1125.jpg","contentUrl":"https:\/\/www.sv-freiendiez.de\/wp-content\/uploads\/2015\/09\/IMG_1125.jpg","width":1806,"height":1204,"caption":"Die strahlenden Sieger des Vorjahres. Links das Team der Kirmesburschen Freiendiez und rechts der B\u00fcrgerk\u00f6nik Florian Sch\u00f6lken. (C) SV Diez-Freiendiez"},{"@type":"BreadcrumbList","@id":"https:\/\/www.sv-freiendiez.de\/?p=1022#breadcrumb","itemListElement":[{"@type":"ListItem","position":1,"name":"Startseite","item":"https:\/\/www.sv-freiendiez.de\/"},{"@type":"ListItem","position":2,"name":"Vereins-K\u00f6nigsschie\u00dfen"}]},{"@type":"WebSite","@id":"https:\/\/www.sv-freiendiez.de\/#website","url":"https:\/\/www.sv-freiendiez.de\/","name":"SV Diez-Freiendiez 1928 e.V.","description":"Sch\u00fctzenverein Diez-Freiendiez 1928 e.V.","publisher":{"@id":"https:\/\/www.sv-freiendiez.de\/#organization"},"potentialAction":[{"@type":"SearchAction","target":{"@type":"EntryPoint","urlTemplate":"https:\/\/www.sv-freiendiez.de\/?s={search_term_string}"},"query-input":{"@type":"PropertyValueSpecification","valueRequired":true,"valueName":"search_term_string"}}],"inLanguage":"de"},{"@type":"Organization","@id":"https:\/\/www.sv-freiendiez.de\/#organization","name":"SV Diez-Freiendiez 1928 e.V.","url":"https:\/\/www.sv-freiendiez.de\/","logo":{"@type":"ImageObject","inLanguage":"de","@id":"https:\/\/www.sv-freiendiez.de\/#\/schema\/logo\/image\/","url":"https:\/\/www.sv-freiendiez.de\/wp-content\/uploads\/2016\/12\/cropped-wappen250.png","contentUrl":"https:\/\/www.sv-freiendiez.de\/wp-content\/uploads\/2016\/12\/cropped-wappen250.png","width":250,"height":250,"caption":"SV Diez-Freiendiez 1928 e.V."},"image":{"@id":"https:\/\/www.sv-freiendiez.de\/#\/schema\/logo\/image\/"},"sameAs":["https:\/\/www.facebook.com\/svfreiendiez\/"]},{"@type":"Person","@id":"https:\/\/www.sv-freiendiez.de\/#\/schema\/person\/e506fdcfcb3a8d0b33fb2982e44b9b79","name":"editor","image":{"@type":"ImageObject","inLanguage":"de","@id":"https:\/\/secure.gravatar.com\/avatar\/2e61a0e3091a1495360fb924e613dd25bace1d4a95a687bd9add8c68191636ff?s=96&d=mm&r=g","url":"https:\/\/secure.gravatar.com\/avatar\/2e61a0e3091a1495360fb924e613dd25bace1d4a95a687bd9add8c68191636ff?s=96&d=mm&r=g","contentUrl":"https:\/\/secure.gravatar.com\/avatar\/2e61a0e3091a1495360fb924e613dd25bace1d4a95a687bd9add8c68191636ff?s=96&d=mm&r=g","caption":"editor"},"url":"https:\/\/www.sv-freiendiez.de\/?author=1"}]}},"_links":{"self":[{"href":"https:\/\/www.sv-freiendiez.de\/index.php?rest_route=\/wp\/v2\/posts\/1022","targetHints":{"allow":["GET"]}}],"collection":[{"href":"https:\/\/www.sv-freiendiez.de\/index.php?rest_route=\/wp\/v2\/posts"}],"about":[{"href":"https:\/\/www.sv-freiendiez.de\/index.php?rest_route=\/wp\/v2\/types\/post"}],"author":[{"embeddable":true,"href":"https:\/\/www.sv-freiendiez.de\/index.php?rest_route=\/wp\/v2\/users\/1"}],"replies":[{"embeddable":true,"href":"https:\/\/www.sv-freiendiez.de\/index.php?rest_route=%2Fwp%2Fv2%2Fcomments&post=1022"}],"version-history":[{"count":0,"href":"https:\/\/www.sv-freiendiez.de\/index.php?rest_route=\/wp\/v2\/posts\/1022\/revisions"}],"wp:attachment":[{"href":"https:\/\/www.sv-freiendiez.de\/index.php?rest_route=%2Fwp%2Fv2%2Fmedia&parent=1022"}],"wp:term":[{"taxonomy":"category","embeddable":true,"href":"https:\/\/www.sv-freiendiez.de\/index.php?rest_route=%2Fwp%2Fv2%2Fcategories&post=1022"},{"taxonomy":"post_tag","embeddable":true,"href":"https:\/\/www.sv-freiendiez.de\/index.php?rest_route=%2Fwp%2Fv2%2Ftags&post=1022"}],"curies":[{"name":"wp","href":"https:\/\/api.w.org\/{rel}","templated":true}]}}